{"id":3670,"date":"2026-04-28T14:38:55","date_gmt":"2026-04-28T17:38:55","guid":{"rendered":"https:\/\/nat7noticias.com.br\/?p=3670"},"modified":"2026-04-28T14:39:58","modified_gmt":"2026-04-28T17:39:58","slug":"chamamento-publico-com-inscricoes-abertas-para-composicao-do-conselho-municipal-da-cultura-de-porto-nacional","status":"publish","type":"post","link":"https:\/\/nat7noticias.com.br\/?p=3670","title":{"rendered":"Chamamento p\u00fablico com inscri\u00e7\u00f5es abertas para composi\u00e7\u00e3o do Conselho Municipal da Cultura de Porto Nacional"},"content":{"rendered":"\n<p>O per\u00edodo de inscri\u00e7\u00f5es vai \u00e9 de 24 de abril a 10 de maio de 2026. E as elei\u00e7\u00f5es acontecem no dia 11 de maio.<\/p>\n\n\n\n<p>A cena cultural portuense est\u00e1 ganhando um refor\u00e7o importante! Est\u00e3o oficialmente abertas as inscri\u00e7\u00f5es para o chamamento p\u00fablico que vai selecionar novos membros para compor o Conselho Municipal de Cultura. Uma oportunidade de participa\u00e7\u00e3o cidad\u00e3 na constru\u00e7\u00e3o e fortalecimento das pol\u00edticas culturais do munic\u00edpio<\/p>\n\n\n\n<p>A iniciativa tem como objetivo ampliar a participa\u00e7\u00e3o da sociedade civil nas decis\u00f5es que envolvem pol\u00edticas culturais, garantindo mais diversidade de vozes e representatividade no setor. Podem se inscrever artistas, produtores culturais, representantes de coletivos, entidades e demais pessoas que atuam diretamente com cultura no munic\u00edpio.<\/p>\n\n\n\n<p>O Conselho Municipal de Cultura \u00e9 um espa\u00e7o estrat\u00e9gico onde s\u00e3o debatidas propostas, projetos e diretrizes que impactam diretamente o desenvolvimento cultural da cidade. Ou seja: n\u00e3o \u00e9 s\u00f3 um cargo simb\u00f3lico, \u00e9 onde muita coisa importante acontece nos bastidores.<\/p>\n\n\n\n<p>Al\u00e9m de fortalecer a democracia participativa, o chamamento tamb\u00e9m busca valorizar quem faz cultura na pr\u00e1tica, dando espa\u00e7o pra quem vive o dia a dia da arte, da m\u00fasica, do teatro, da literatura e de todas as express\u00f5es culturais que movimentam a cidade.Resumindo: se voc\u00ea respira cultura, essa \u00e9 a sua chance de sair do p\u00fablico e ir direto pra mesa de decis\u00e3o.<\/p>\n\n\n\n<p><\/p>\n\n\n\n<p><strong>Por: Nadya Mayara <\/strong><\/p>\n\n\n\n<p><strong>N7 Not\u00edcias<\/strong> <\/p>\n\n\n\n<p><\/p>\n","protected":false},"excerpt":{"rendered":"<p>O per\u00edodo de inscri\u00e7\u00f5es vai \u00e9 de 24 de abril a 10 de maio de 2026. E as elei\u00e7\u00f5es acontecem<\/p>\n","protected":false},"author":2,"featured_media":3671,"comment_status":"open","ping_status":"open","sticky":false,"template":"","format":"standard","meta":{"footnotes":""},"categories":[7],"tags":[],"class_list":["post-3670","post","type-post","status-publish","format-standard","has-post-thumbnail","hentry","category-cultura"],"yoast_head":"<!-- This site is optimized with the Yoast SEO plugin v26.8 - https:\/\/yoast.com\/product\/yoast-seo-wordpress\/ -->\n<title>Chamamento p\u00fablico com inscri\u00e7\u00f5es abertas para composi\u00e7\u00e3o do Conselho Municipal da Cultura de Porto Nacional - N7noticias<\/title>\n<meta name=\"robots\" content=\"index, follow, max-snippet:-1, max-image-preview:large, max-video-preview:-1\" \/>\n<link rel=\"canonical\" href=\"https:\/\/nat7noticias.com.br\/?p=3670\" \/>\n<meta property=\"og:locale\" content=\"pt_BR\" \/>\n<meta property=\"og:type\" content=\"article\" \/>\n<meta property=\"og:title\" content=\"Chamamento p\u00fablico com inscri\u00e7\u00f5es abertas para composi\u00e7\u00e3o do Conselho Municipal da Cultura de Porto Nacional - N7noticias\" \/>\n<meta property=\"og:description\" content=\"O per\u00edodo de inscri\u00e7\u00f5es vai \u00e9 de 24 de abril a 10 de maio de 2026. E as elei\u00e7\u00f5es acontecem\" \/>\n<meta property=\"og:url\" content=\"https:\/\/nat7noticias.com.br\/?p=3670\" \/>\n<meta property=\"og:site_name\" content=\"N7noticias\" \/>\n<meta property=\"article:published_time\" content=\"2026-04-28T17:38:55+00:00\" \/>\n<meta property=\"article:modified_time\" content=\"2026-04-28T17:39:58+00:00\" \/>\n<meta property=\"og:image\" content=\"https:\/\/nat7noticias.com.br\/wp-content\/uploads\/2026\/04\/IMG-20260428-WA00631.jpg\" \/>\n\t<meta property=\"og:image:width\" content=\"1242\" \/>\n\t<meta property=\"og:image:height\" content=\"1551\" \/>\n\t<meta property=\"og:image:type\" content=\"image\/jpeg\" \/>\n<meta name=\"author\" content=\"Nadya Mayara\" \/>\n<meta name=\"twitter:card\" content=\"summary_large_image\" \/>\n<meta name=\"twitter:label1\" content=\"Escrito por\" \/>\n\t<meta name=\"twitter:data1\" content=\"Nadya Mayara\" \/>\n\t<meta name=\"twitter:label2\" content=\"Est. tempo de leitura\" \/>\n\t<meta name=\"twitter:data2\" content=\"2 minutos\" \/>\n<script type=\"application\/ld+json\" class=\"yoast-schema-graph\">{\"@context\":\"https:\/\/schema.org\",\"@graph\":[{\"@type\":\"Article\",\"@id\":\"https:\/\/nat7noticias.com.br\/?p=3670#article\",\"isPartOf\":{\"@id\":\"https:\/\/nat7noticias.com.br\/?p=3670\"},\"author\":{\"name\":\"Nadya Mayara\",\"@id\":\"https:\/\/nat7noticias.com.br\/#\/schema\/person\/690b027d93c852a6570e0bbc814a1cf0\"},\"headline\":\"Chamamento p\u00fablico com inscri\u00e7\u00f5es abertas para composi\u00e7\u00e3o do Conselho Municipal da Cultura de Porto Nacional\",\"datePublished\":\"2026-04-28T17:38:55+00:00\",\"dateModified\":\"2026-04-28T17:39:58+00:00\",\"mainEntityOfPage\":{\"@id\":\"https:\/\/nat7noticias.com.br\/?p=3670\"},\"wordCount\":262,\"commentCount\":0,\"publisher\":{\"@id\":\"https:\/\/nat7noticias.com.br\/#organization\"},\"image\":{\"@id\":\"https:\/\/nat7noticias.com.br\/?p=3670#primaryimage\"},\"thumbnailUrl\":\"https:\/\/nat7noticias.com.br\/wp-content\/uploads\/2026\/04\/IMG-20260428-WA00631.jpg\",\"articleSection\":[\"Cultura\"],\"inLanguage\":\"pt-BR\",\"potentialAction\":[{\"@type\":\"CommentAction\",\"name\":\"Comment\",\"target\":[\"https:\/\/nat7noticias.com.br\/?p=3670#respond\"]}]},{\"@type\":\"WebPage\",\"@id\":\"https:\/\/nat7noticias.com.br\/?p=3670\",\"url\":\"https:\/\/nat7noticias.com.br\/?p=3670\",\"name\":\"Chamamento p\u00fablico com inscri\u00e7\u00f5es abertas para composi\u00e7\u00e3o do Conselho Municipal da Cultura de Porto Nacional - N7noticias\",\"isPartOf\":{\"@id\":\"https:\/\/nat7noticias.com.br\/#website\"},\"primaryImageOfPage\":{\"@id\":\"https:\/\/nat7noticias.com.br\/?p=3670#primaryimage\"},\"image\":{\"@id\":\"https:\/\/nat7noticias.com.br\/?p=3670#primaryimage\"},\"thumbnailUrl\":\"https:\/\/nat7noticias.com.br\/wp-content\/uploads\/2026\/04\/IMG-20260428-WA00631.jpg\",\"datePublished\":\"2026-04-28T17:38:55+00:00\",\"dateModified\":\"2026-04-28T17:39:58+00:00\",\"breadcrumb\":{\"@id\":\"https:\/\/nat7noticias.com.br\/?p=3670#breadcrumb\"},\"inLanguage\":\"pt-BR\",\"potentialAction\":[{\"@type\":\"ReadAction\",\"target\":[\"https:\/\/nat7noticias.com.br\/?p=3670\"]}]},{\"@type\":\"ImageObject\",\"inLanguage\":\"pt-BR\",\"@id\":\"https:\/\/nat7noticias.com.br\/?p=3670#primaryimage\",\"url\":\"https:\/\/nat7noticias.com.br\/wp-content\/uploads\/2026\/04\/IMG-20260428-WA00631.jpg\",\"contentUrl\":\"https:\/\/nat7noticias.com.br\/wp-content\/uploads\/2026\/04\/IMG-20260428-WA00631.jpg\",\"width\":1242,\"height\":1551},{\"@type\":\"BreadcrumbList\",\"@id\":\"https:\/\/nat7noticias.com.br\/?p=3670#breadcrumb\",\"itemListElement\":[{\"@type\":\"ListItem\",\"position\":1,\"name\":\"In\u00edcio\",\"item\":\"https:\/\/nat7noticias.com.br\/\"},{\"@type\":\"ListItem\",\"position\":2,\"name\":\"Chamamento p\u00fablico com inscri\u00e7\u00f5es abertas para composi\u00e7\u00e3o do Conselho Municipal da Cultura de Porto Nacional\"}]},{\"@type\":\"WebSite\",\"@id\":\"https:\/\/nat7noticias.com.br\/#website\",\"url\":\"https:\/\/nat7noticias.com.br\/\",\"name\":\"N7noticias\",\"description\":\"\",\"publisher\":{\"@id\":\"https:\/\/nat7noticias.com.br\/#organization\"},\"potentialAction\":[{\"@type\":\"SearchAction\",\"target\":{\"@type\":\"EntryPoint\",\"urlTemplate\":\"https:\/\/nat7noticias.com.br\/?s={search_term_string}\"},\"query-input\":{\"@type\":\"PropertyValueSpecification\",\"valueRequired\":true,\"valueName\":\"search_term_string\"}}],\"inLanguage\":\"pt-BR\"},{\"@type\":\"Organization\",\"@id\":\"https:\/\/nat7noticias.com.br\/#organization\",\"name\":\"N7noticias\",\"url\":\"https:\/\/nat7noticias.com.br\/\",\"logo\":{\"@type\":\"ImageObject\",\"inLanguage\":\"pt-BR\",\"@id\":\"https:\/\/nat7noticias.com.br\/#\/schema\/logo\/image\/\",\"url\":\"https:\/\/nat7noticias.com.br\/wp-content\/uploads\/2023\/10\/6W8cSg-LogoMakr.png\",\"contentUrl\":\"https:\/\/nat7noticias.com.br\/wp-content\/uploads\/2023\/10\/6W8cSg-LogoMakr.png\",\"width\":249,\"height\":55,\"caption\":\"N7noticias\"},\"image\":{\"@id\":\"https:\/\/nat7noticias.com.br\/#\/schema\/logo\/image\/\"}},{\"@type\":\"Person\",\"@id\":\"https:\/\/nat7noticias.com.br\/#\/schema\/person\/690b027d93c852a6570e0bbc814a1cf0\",\"name\":\"Nadya Mayara\",\"image\":{\"@type\":\"ImageObject\",\"inLanguage\":\"pt-BR\",\"@id\":\"https:\/\/nat7noticias.com.br\/#\/schema\/person\/image\/\",\"url\":\"https:\/\/secure.gravatar.com\/avatar\/5c1565ad13ab2510c4efdacf6de389ff?s=96&d=mm&r=g\",\"contentUrl\":\"https:\/\/secure.gravatar.com\/avatar\/5c1565ad13ab2510c4efdacf6de389ff?s=96&d=mm&r=g\",\"caption\":\"Nadya Mayara\"},\"sameAs\":[\"https:\/\/nat7noticias.com.br\/\"],\"url\":\"https:\/\/nat7noticias.com.br\/?author=2\"}]}<\/script>\n<!-- \/ Yoast SEO plugin. -->","yoast_head_json":{"title":"Chamamento p\u00fablico com inscri\u00e7\u00f5es abertas para composi\u00e7\u00e3o do Conselho Municipal da Cultura de Porto Nacional - N7noticias","robots":{"index":"index","follow":"follow","max-snippet":"max-snippet:-1","max-image-preview":"max-image-preview:large","max-video-preview":"max-video-preview:-1"},"canonical":"https:\/\/nat7noticias.com.br\/?p=3670","og_locale":"pt_BR","og_type":"article","og_title":"Chamamento p\u00fablico com inscri\u00e7\u00f5es abertas para composi\u00e7\u00e3o do Conselho Municipal da Cultura de Porto Nacional - N7noticias","og_description":"O per\u00edodo de inscri\u00e7\u00f5es vai \u00e9 de 24 de abril a 10 de maio de 2026. E as elei\u00e7\u00f5es acontecem","og_url":"https:\/\/nat7noticias.com.br\/?p=3670","og_site_name":"N7noticias","article_published_time":"2026-04-28T17:38:55+00:00","article_modified_time":"2026-04-28T17:39:58+00:00","og_image":[{"width":1242,"height":1551,"url":"https:\/\/nat7noticias.com.br\/wp-content\/uploads\/2026\/04\/IMG-20260428-WA00631.jpg","type":"image\/jpeg"}],"author":"Nadya Mayara","twitter_card":"summary_large_image","twitter_misc":{"Escrito por":"Nadya Mayara","Est. tempo de leitura":"2 minutos"},"schema":{"@context":"https:\/\/schema.org","@graph":[{"@type":"Article","@id":"https:\/\/nat7noticias.com.br\/?p=3670#article","isPartOf":{"@id":"https:\/\/nat7noticias.com.br\/?p=3670"},"author":{"name":"Nadya Mayara","@id":"https:\/\/nat7noticias.com.br\/#\/schema\/person\/690b027d93c852a6570e0bbc814a1cf0"},"headline":"Chamamento p\u00fablico com inscri\u00e7\u00f5es abertas para composi\u00e7\u00e3o do Conselho Municipal da Cultura de Porto Nacional","datePublished":"2026-04-28T17:38:55+00:00","dateModified":"2026-04-28T17:39:58+00:00","mainEntityOfPage":{"@id":"https:\/\/nat7noticias.com.br\/?p=3670"},"wordCount":262,"commentCount":0,"publisher":{"@id":"https:\/\/nat7noticias.com.br\/#organization"},"image":{"@id":"https:\/\/nat7noticias.com.br\/?p=3670#primaryimage"},"thumbnailUrl":"https:\/\/nat7noticias.com.br\/wp-content\/uploads\/2026\/04\/IMG-20260428-WA00631.jpg","articleSection":["Cultura"],"inLanguage":"pt-BR","potentialAction":[{"@type":"CommentAction","name":"Comment","target":["https:\/\/nat7noticias.com.br\/?p=3670#respond"]}]},{"@type":"WebPage","@id":"https:\/\/nat7noticias.com.br\/?p=3670","url":"https:\/\/nat7noticias.com.br\/?p=3670","name":"Chamamento p\u00fablico com inscri\u00e7\u00f5es abertas para composi\u00e7\u00e3o do Conselho Municipal da Cultura de Porto Nacional - N7noticias","isPartOf":{"@id":"https:\/\/nat7noticias.com.br\/#website"},"primaryImageOfPage":{"@id":"https:\/\/nat7noticias.com.br\/?p=3670#primaryimage"},"image":{"@id":"https:\/\/nat7noticias.com.br\/?p=3670#primaryimage"},"thumbnailUrl":"https:\/\/nat7noticias.com.br\/wp-content\/uploads\/2026\/04\/IMG-20260428-WA00631.jpg","datePublished":"2026-04-28T17:38:55+00:00","dateModified":"2026-04-28T17:39:58+00:00","breadcrumb":{"@id":"https:\/\/nat7noticias.com.br\/?p=3670#breadcrumb"},"inLanguage":"pt-BR","potentialAction":[{"@type":"ReadAction","target":["https:\/\/nat7noticias.com.br\/?p=3670"]}]},{"@type":"ImageObject","inLanguage":"pt-BR","@id":"https:\/\/nat7noticias.com.br\/?p=3670#primaryimage","url":"https:\/\/nat7noticias.com.br\/wp-content\/uploads\/2026\/04\/IMG-20260428-WA00631.jpg","contentUrl":"https:\/\/nat7noticias.com.br\/wp-content\/uploads\/2026\/04\/IMG-20260428-WA00631.jpg","width":1242,"height":1551},{"@type":"BreadcrumbList","@id":"https:\/\/nat7noticias.com.br\/?p=3670#breadcrumb","itemListElement":[{"@type":"ListItem","position":1,"name":"In\u00edcio","item":"https:\/\/nat7noticias.com.br\/"},{"@type":"ListItem","position":2,"name":"Chamamento p\u00fablico com inscri\u00e7\u00f5es abertas para composi\u00e7\u00e3o do Conselho Municipal da Cultura de Porto Nacional"}]},{"@type":"WebSite","@id":"https:\/\/nat7noticias.com.br\/#website","url":"https:\/\/nat7noticias.com.br\/","name":"N7noticias","description":"","publisher":{"@id":"https:\/\/nat7noticias.com.br\/#organization"},"potentialAction":[{"@type":"SearchAction","target":{"@type":"EntryPoint","urlTemplate":"https:\/\/nat7noticias.com.br\/?s={search_term_string}"},"query-input":{"@type":"PropertyValueSpecification","valueRequired":true,"valueName":"search_term_string"}}],"inLanguage":"pt-BR"},{"@type":"Organization","@id":"https:\/\/nat7noticias.com.br\/#organization","name":"N7noticias","url":"https:\/\/nat7noticias.com.br\/","logo":{"@type":"ImageObject","inLanguage":"pt-BR","@id":"https:\/\/nat7noticias.com.br\/#\/schema\/logo\/image\/","url":"https:\/\/nat7noticias.com.br\/wp-content\/uploads\/2023\/10\/6W8cSg-LogoMakr.png","contentUrl":"https:\/\/nat7noticias.com.br\/wp-content\/uploads\/2023\/10\/6W8cSg-LogoMakr.png","width":249,"height":55,"caption":"N7noticias"},"image":{"@id":"https:\/\/nat7noticias.com.br\/#\/schema\/logo\/image\/"}},{"@type":"Person","@id":"https:\/\/nat7noticias.com.br\/#\/schema\/person\/690b027d93c852a6570e0bbc814a1cf0","name":"Nadya Mayara","image":{"@type":"ImageObject","inLanguage":"pt-BR","@id":"https:\/\/nat7noticias.com.br\/#\/schema\/person\/image\/","url":"https:\/\/secure.gravatar.com\/avatar\/5c1565ad13ab2510c4efdacf6de389ff?s=96&d=mm&r=g","contentUrl":"https:\/\/secure.gravatar.com\/avatar\/5c1565ad13ab2510c4efdacf6de389ff?s=96&d=mm&r=g","caption":"Nadya Mayara"},"sameAs":["https:\/\/nat7noticias.com.br\/"],"url":"https:\/\/nat7noticias.com.br\/?author=2"}]}},"_links":{"self":[{"href":"https:\/\/nat7noticias.com.br\/index.php?rest_route=\/wp\/v2\/posts\/3670","targetHints":{"allow":["GET"]}}],"collection":[{"href":"https:\/\/nat7noticias.com.br\/index.php?rest_route=\/wp\/v2\/posts"}],"about":[{"href":"https:\/\/nat7noticias.com.br\/index.php?rest_route=\/wp\/v2\/types\/post"}],"author":[{"embeddable":true,"href":"https:\/\/nat7noticias.com.br\/index.php?rest_route=\/wp\/v2\/users\/2"}],"replies":[{"embeddable":true,"href":"https:\/\/nat7noticias.com.br\/index.php?rest_route=%2Fwp%2Fv2%2Fcomments&post=3670"}],"version-history":[{"count":2,"href":"https:\/\/nat7noticias.com.br\/index.php?rest_route=\/wp\/v2\/posts\/3670\/revisions"}],"predecessor-version":[{"id":3673,"href":"https:\/\/nat7noticias.com.br\/index.php?rest_route=\/wp\/v2\/posts\/3670\/revisions\/3673"}],"wp:featuredmedia":[{"embeddable":true,"href":"https:\/\/nat7noticias.com.br\/index.php?rest_route=\/wp\/v2\/media\/3671"}],"wp:attachment":[{"href":"https:\/\/nat7noticias.com.br\/index.php?rest_route=%2Fwp%2Fv2%2Fmedia&parent=3670"}],"wp:term":[{"taxonomy":"category","embeddable":true,"href":"https:\/\/nat7noticias.com.br\/index.php?rest_route=%2Fwp%2Fv2%2Fcategories&post=3670"},{"taxonomy":"post_tag","embeddable":true,"href":"https:\/\/nat7noticias.com.br\/index.php?rest_route=%2Fwp%2Fv2%2Ftags&post=3670"}],"curies":[{"name":"wp","href":"https:\/\/api.w.org\/{rel}","templated":true}]}}