{"id":3688,"date":"2026-04-29T10:55:09","date_gmt":"2026-04-29T13:55:09","guid":{"rendered":"https:\/\/nat7noticias.com.br\/?p=3688"},"modified":"2026-04-29T10:55:10","modified_gmt":"2026-04-29T13:55:10","slug":"governo-do-tocantins-fortalece-povos-originarios-e-tradicionais-na-2a-feira-de-artesanato-mulheres-empreendedoras-da-amazonia","status":"publish","type":"post","link":"https:\/\/nat7noticias.com.br\/?p=3688","title":{"rendered":"Governo do Tocantins fortalece povos origin\u00e1rios e tradicionais na 2\u00aa Feira de Artesanato Mulheres Empreendedoras da Amaz\u00f4nia"},"content":{"rendered":"\n<p>Artes\u00e3s ind\u00edgenas e quilombolas exp\u00f5em pe\u00e7as confeccionadas em seus territ\u00f3rios durante programa\u00e7\u00e3o que ocorre at\u00e9 a quarta-feira, 29, em Palmas<\/p>\n\n\n\n<p>por Amanda Melina\/Governo do Tocantins<\/p>\n\n\n\n<p>publicado: 28\/04\/2026 14:13:00 &#8211; atualizado: 28\/04\/2026 14:25:12<\/p>\n\n\n\n<p>O Governo do Tocantins, por meio da Secretaria de Estado dos Povos Origin\u00e1rios e Tradicionais (Sepot), participa da 2\u00aa Feira Cultural de Artesanato Mulheres Empreendedoras da Amaz\u00f4nia \u2013 Artes\u00e3s Ind\u00edgenas e Quilombolas. A programa\u00e7\u00e3o ocorre em parceria com a Secretaria de Estado da Cultura (Secult), nesta ter\u00e7a, 28, e quarta-feira, 29, no hall da Assembleia Legislativa do Tocantins (Aleto), em Palmas.<\/p>\n\n\n\n<p>Os objetivos da a\u00e7\u00e3o s\u00e3o valorizar a cultura e fortalecer a economia sustent\u00e1vel no estado. O evento faz do programa Periferia Viva 2025 do governo federal e re\u00fane representantes ind\u00edgenas das etnias Xerente, Java\u00e9, Canela, Krah\u00f4-Kanela e Apinaj\u00e9, al\u00e9m de artes\u00e3s das comunidades quilombolas Barra da Aroeira, Mumbuca e Prata. As pe\u00e7as confeccionadas em seus territ\u00f3rios est\u00e3o sendo expostas aos visitantes.<\/p>\n\n\n\n<p>O titular da Sepot, Ercivaldo Xerente, destacou que a pasta atua de forma cont\u00ednua em iniciativas que valorizam os povos origin\u00e1rios e tradicionais. \u201cApoiamos e incentivamos as a\u00e7\u00f5es que promovem a cultura, a autonomia e o protagonismo dessas comunidades\u201d, pontuou.<\/p>\n\n\n\n<p>Programa\u00e7\u00e3o culturalAl\u00e9m da comercializa\u00e7\u00e3o de produtos artesanais, o p\u00fablico da feira tamb\u00e9m poder\u00e1 prestigiar uma programa\u00e7\u00e3o diversificada, com apresenta\u00e7\u00f5es culturais dos povos ind\u00edgenas que incluem c\u00e2nticos, dan\u00e7as e pinturas corporais. O evento contar\u00e1 com desfile de pe\u00e7as em capim-dourado, produzidas por artes\u00e3s quilombolas em seus territ\u00f3rios.<\/p>\n\n\n\n<p>A programa\u00e7\u00e3o inclui, ainda, apresenta\u00e7\u00f5es musicais com artistas como Missim da Viola do Buriti; Arnon Ribeiro, da Comunidade Mumbuca; e a artista N\u00fabia Dourado.<\/p>\n\n\n\n<figure class=\"wp-block-image size-full\"><img fetchpriority=\"high\" decoding=\"async\" width=\"565\" height=\"349\" src=\"https:\/\/nat7noticias.com.br\/wp-content\/uploads\/2026\/04\/IMG-20260429-WA0028.jpg\" alt=\"\" class=\"wp-image-3689\" srcset=\"https:\/\/nat7noticias.com.br\/wp-content\/uploads\/2026\/04\/IMG-20260429-WA0028.jpg 565w, https:\/\/nat7noticias.com.br\/wp-content\/uploads\/2026\/04\/IMG-20260429-WA0028-300x185.jpg 300w\" sizes=\"(max-width: 565px) 100vw, 565px\" \/><figcaption class=\"wp-element-caption\">Pe\u00e7as confeccionadas pelas artes\u00e3s em seus territ\u00f3rios s\u00e3o expostas aos visitantes da feira &#8211; Amanda Melina\/Governo do Tocantins<\/figcaption><\/figure>\n\n\n\n<figure class=\"wp-block-image size-full\"><img decoding=\"async\" width=\"565\" height=\"349\" src=\"https:\/\/nat7noticias.com.br\/wp-content\/uploads\/2026\/04\/IMG-20260429-WA0029.jpg\" alt=\"\" class=\"wp-image-3690\" srcset=\"https:\/\/nat7noticias.com.br\/wp-content\/uploads\/2026\/04\/IMG-20260429-WA0029.jpg 565w, https:\/\/nat7noticias.com.br\/wp-content\/uploads\/2026\/04\/IMG-20260429-WA0029-300x185.jpg 300w\" sizes=\"(max-width: 565px) 100vw, 565px\" \/><figcaption class=\"wp-element-caption\">Evento re\u00fane representantes ind\u00edgenas das etnias Xerente, Java\u00e9, Canela, Krah\u00f4-Kanela e Apinaj\u00e9 &#8211; Amanda Melina\/Governo do Tocantins<\/figcaption><\/figure>\n","protected":false},"excerpt":{"rendered":"<p>Artes\u00e3s ind\u00edgenas e quilombolas exp\u00f5em pe\u00e7as confeccionadas em seus territ\u00f3rios durante programa\u00e7\u00e3o que ocorre at\u00e9 a quarta-feira, 29, em Palmas<\/p>\n","protected":false},"author":2,"featured_media":3691,"comment_status":"open","ping_status":"open","sticky":false,"template":"","format":"standard","meta":{"footnotes":""},"categories":[37],"tags":[],"class_list":["post-3688","post","type-post","status-publish","format-standard","has-post-thumbnail","hentry","category-governo"],"yoast_head":"<!-- This site is optimized with the Yoast SEO plugin v26.8 - https:\/\/yoast.com\/product\/yoast-seo-wordpress\/ -->\n<title>Governo do Tocantins fortalece povos origin\u00e1rios e tradicionais na 2\u00aa Feira de Artesanato Mulheres Empreendedoras da Amaz\u00f4nia - N7noticias<\/title>\n<meta name=\"robots\" content=\"index, follow, max-snippet:-1, max-image-preview:large, max-video-preview:-1\" \/>\n<link rel=\"canonical\" href=\"https:\/\/nat7noticias.com.br\/?p=3688\" \/>\n<meta property=\"og:locale\" content=\"pt_BR\" \/>\n<meta property=\"og:type\" content=\"article\" \/>\n<meta property=\"og:title\" content=\"Governo do Tocantins fortalece povos origin\u00e1rios e tradicionais na 2\u00aa Feira de Artesanato Mulheres Empreendedoras da Amaz\u00f4nia - N7noticias\" \/>\n<meta property=\"og:description\" content=\"Artes\u00e3s ind\u00edgenas e quilombolas exp\u00f5em pe\u00e7as confeccionadas em seus territ\u00f3rios durante programa\u00e7\u00e3o que ocorre at\u00e9 a quarta-feira, 29, em Palmas\" \/>\n<meta property=\"og:url\" content=\"https:\/\/nat7noticias.com.br\/?p=3688\" \/>\n<meta property=\"og:site_name\" content=\"N7noticias\" \/>\n<meta property=\"article:published_time\" content=\"2026-04-29T13:55:09+00:00\" \/>\n<meta property=\"article:modified_time\" content=\"2026-04-29T13:55:10+00:00\" \/>\n<meta property=\"og:image\" content=\"https:\/\/nat7noticias.com.br\/wp-content\/uploads\/2026\/04\/IMG-20260429-WA0027.jpg\" \/>\n\t<meta property=\"og:image:width\" content=\"753\" \/>\n\t<meta property=\"og:image:height\" content=\"465\" \/>\n\t<meta property=\"og:image:type\" content=\"image\/jpeg\" \/>\n<meta name=\"author\" content=\"Nadya Mayara\" \/>\n<meta name=\"twitter:card\" content=\"summary_large_image\" \/>\n<meta name=\"twitter:label1\" content=\"Escrito por\" \/>\n\t<meta name=\"twitter:data1\" content=\"Nadya Mayara\" \/>\n\t<meta name=\"twitter:label2\" content=\"Est. tempo de leitura\" \/>\n\t<meta name=\"twitter:data2\" content=\"3 minutos\" \/>\n<script type=\"application\/ld+json\" class=\"yoast-schema-graph\">{\"@context\":\"https:\/\/schema.org\",\"@graph\":[{\"@type\":\"Article\",\"@id\":\"https:\/\/nat7noticias.com.br\/?p=3688#article\",\"isPartOf\":{\"@id\":\"https:\/\/nat7noticias.com.br\/?p=3688\"},\"author\":{\"name\":\"Nadya Mayara\",\"@id\":\"https:\/\/nat7noticias.com.br\/#\/schema\/person\/690b027d93c852a6570e0bbc814a1cf0\"},\"headline\":\"Governo do Tocantins fortalece povos origin\u00e1rios e tradicionais na 2\u00aa Feira de Artesanato Mulheres Empreendedoras da Amaz\u00f4nia\",\"datePublished\":\"2026-04-29T13:55:09+00:00\",\"dateModified\":\"2026-04-29T13:55:10+00:00\",\"mainEntityOfPage\":{\"@id\":\"https:\/\/nat7noticias.com.br\/?p=3688\"},\"wordCount\":359,\"commentCount\":0,\"publisher\":{\"@id\":\"https:\/\/nat7noticias.com.br\/#organization\"},\"image\":{\"@id\":\"https:\/\/nat7noticias.com.br\/?p=3688#primaryimage\"},\"thumbnailUrl\":\"https:\/\/nat7noticias.com.br\/wp-content\/uploads\/2026\/04\/IMG-20260429-WA0027.jpg\",\"articleSection\":[\"Governo\"],\"inLanguage\":\"pt-BR\",\"potentialAction\":[{\"@type\":\"CommentAction\",\"name\":\"Comment\",\"target\":[\"https:\/\/nat7noticias.com.br\/?p=3688#respond\"]}]},{\"@type\":\"WebPage\",\"@id\":\"https:\/\/nat7noticias.com.br\/?p=3688\",\"url\":\"https:\/\/nat7noticias.com.br\/?p=3688\",\"name\":\"Governo do Tocantins fortalece povos origin\u00e1rios e tradicionais na 2\u00aa Feira de Artesanato Mulheres Empreendedoras da Amaz\u00f4nia - N7noticias\",\"isPartOf\":{\"@id\":\"https:\/\/nat7noticias.com.br\/#website\"},\"primaryImageOfPage\":{\"@id\":\"https:\/\/nat7noticias.com.br\/?p=3688#primaryimage\"},\"image\":{\"@id\":\"https:\/\/nat7noticias.com.br\/?p=3688#primaryimage\"},\"thumbnailUrl\":\"https:\/\/nat7noticias.com.br\/wp-content\/uploads\/2026\/04\/IMG-20260429-WA0027.jpg\",\"datePublished\":\"2026-04-29T13:55:09+00:00\",\"dateModified\":\"2026-04-29T13:55:10+00:00\",\"breadcrumb\":{\"@id\":\"https:\/\/nat7noticias.com.br\/?p=3688#breadcrumb\"},\"inLanguage\":\"pt-BR\",\"potentialAction\":[{\"@type\":\"ReadAction\",\"target\":[\"https:\/\/nat7noticias.com.br\/?p=3688\"]}]},{\"@type\":\"ImageObject\",\"inLanguage\":\"pt-BR\",\"@id\":\"https:\/\/nat7noticias.com.br\/?p=3688#primaryimage\",\"url\":\"https:\/\/nat7noticias.com.br\/wp-content\/uploads\/2026\/04\/IMG-20260429-WA0027.jpg\",\"contentUrl\":\"https:\/\/nat7noticias.com.br\/wp-content\/uploads\/2026\/04\/IMG-20260429-WA0027.jpg\",\"width\":753,\"height\":465},{\"@type\":\"BreadcrumbList\",\"@id\":\"https:\/\/nat7noticias.com.br\/?p=3688#breadcrumb\",\"itemListElement\":[{\"@type\":\"ListItem\",\"position\":1,\"name\":\"In\u00edcio\",\"item\":\"https:\/\/nat7noticias.com.br\/\"},{\"@type\":\"ListItem\",\"position\":2,\"name\":\"Governo do Tocantins fortalece povos origin\u00e1rios e tradicionais na 2\u00aa Feira de Artesanato Mulheres Empreendedoras da Amaz\u00f4nia\"}]},{\"@type\":\"WebSite\",\"@id\":\"https:\/\/nat7noticias.com.br\/#website\",\"url\":\"https:\/\/nat7noticias.com.br\/\",\"name\":\"N7noticias\",\"description\":\"\",\"publisher\":{\"@id\":\"https:\/\/nat7noticias.com.br\/#organization\"},\"potentialAction\":[{\"@type\":\"SearchAction\",\"target\":{\"@type\":\"EntryPoint\",\"urlTemplate\":\"https:\/\/nat7noticias.com.br\/?s={search_term_string}\"},\"query-input\":{\"@type\":\"PropertyValueSpecification\",\"valueRequired\":true,\"valueName\":\"search_term_string\"}}],\"inLanguage\":\"pt-BR\"},{\"@type\":\"Organization\",\"@id\":\"https:\/\/nat7noticias.com.br\/#organization\",\"name\":\"N7noticias\",\"url\":\"https:\/\/nat7noticias.com.br\/\",\"logo\":{\"@type\":\"ImageObject\",\"inLanguage\":\"pt-BR\",\"@id\":\"https:\/\/nat7noticias.com.br\/#\/schema\/logo\/image\/\",\"url\":\"https:\/\/nat7noticias.com.br\/wp-content\/uploads\/2023\/10\/6W8cSg-LogoMakr.png\",\"contentUrl\":\"https:\/\/nat7noticias.com.br\/wp-content\/uploads\/2023\/10\/6W8cSg-LogoMakr.png\",\"width\":249,\"height\":55,\"caption\":\"N7noticias\"},\"image\":{\"@id\":\"https:\/\/nat7noticias.com.br\/#\/schema\/logo\/image\/\"}},{\"@type\":\"Person\",\"@id\":\"https:\/\/nat7noticias.com.br\/#\/schema\/person\/690b027d93c852a6570e0bbc814a1cf0\",\"name\":\"Nadya Mayara\",\"image\":{\"@type\":\"ImageObject\",\"inLanguage\":\"pt-BR\",\"@id\":\"https:\/\/nat7noticias.com.br\/#\/schema\/person\/image\/\",\"url\":\"https:\/\/secure.gravatar.com\/avatar\/5c1565ad13ab2510c4efdacf6de389ff?s=96&d=mm&r=g\",\"contentUrl\":\"https:\/\/secure.gravatar.com\/avatar\/5c1565ad13ab2510c4efdacf6de389ff?s=96&d=mm&r=g\",\"caption\":\"Nadya Mayara\"},\"sameAs\":[\"https:\/\/nat7noticias.com.br\/\"],\"url\":\"https:\/\/nat7noticias.com.br\/?author=2\"}]}<\/script>\n<!-- \/ Yoast SEO plugin. -->","yoast_head_json":{"title":"Governo do Tocantins fortalece povos origin\u00e1rios e tradicionais na 2\u00aa Feira de Artesanato Mulheres Empreendedoras da Amaz\u00f4nia - N7noticias","robots":{"index":"index","follow":"follow","max-snippet":"max-snippet:-1","max-image-preview":"max-image-preview:large","max-video-preview":"max-video-preview:-1"},"canonical":"https:\/\/nat7noticias.com.br\/?p=3688","og_locale":"pt_BR","og_type":"article","og_title":"Governo do Tocantins fortalece povos origin\u00e1rios e tradicionais na 2\u00aa Feira de Artesanato Mulheres Empreendedoras da Amaz\u00f4nia - N7noticias","og_description":"Artes\u00e3s ind\u00edgenas e quilombolas exp\u00f5em pe\u00e7as confeccionadas em seus territ\u00f3rios durante programa\u00e7\u00e3o que ocorre at\u00e9 a quarta-feira, 29, em Palmas","og_url":"https:\/\/nat7noticias.com.br\/?p=3688","og_site_name":"N7noticias","article_published_time":"2026-04-29T13:55:09+00:00","article_modified_time":"2026-04-29T13:55:10+00:00","og_image":[{"width":753,"height":465,"url":"https:\/\/nat7noticias.com.br\/wp-content\/uploads\/2026\/04\/IMG-20260429-WA0027.jpg","type":"image\/jpeg"}],"author":"Nadya Mayara","twitter_card":"summary_large_image","twitter_misc":{"Escrito por":"Nadya Mayara","Est. tempo de leitura":"3 minutos"},"schema":{"@context":"https:\/\/schema.org","@graph":[{"@type":"Article","@id":"https:\/\/nat7noticias.com.br\/?p=3688#article","isPartOf":{"@id":"https:\/\/nat7noticias.com.br\/?p=3688"},"author":{"name":"Nadya Mayara","@id":"https:\/\/nat7noticias.com.br\/#\/schema\/person\/690b027d93c852a6570e0bbc814a1cf0"},"headline":"Governo do Tocantins fortalece povos origin\u00e1rios e tradicionais na 2\u00aa Feira de Artesanato Mulheres Empreendedoras da Amaz\u00f4nia","datePublished":"2026-04-29T13:55:09+00:00","dateModified":"2026-04-29T13:55:10+00:00","mainEntityOfPage":{"@id":"https:\/\/nat7noticias.com.br\/?p=3688"},"wordCount":359,"commentCount":0,"publisher":{"@id":"https:\/\/nat7noticias.com.br\/#organization"},"image":{"@id":"https:\/\/nat7noticias.com.br\/?p=3688#primaryimage"},"thumbnailUrl":"https:\/\/nat7noticias.com.br\/wp-content\/uploads\/2026\/04\/IMG-20260429-WA0027.jpg","articleSection":["Governo"],"inLanguage":"pt-BR","potentialAction":[{"@type":"CommentAction","name":"Comment","target":["https:\/\/nat7noticias.com.br\/?p=3688#respond"]}]},{"@type":"WebPage","@id":"https:\/\/nat7noticias.com.br\/?p=3688","url":"https:\/\/nat7noticias.com.br\/?p=3688","name":"Governo do Tocantins fortalece povos origin\u00e1rios e tradicionais na 2\u00aa Feira de Artesanato Mulheres Empreendedoras da Amaz\u00f4nia - N7noticias","isPartOf":{"@id":"https:\/\/nat7noticias.com.br\/#website"},"primaryImageOfPage":{"@id":"https:\/\/nat7noticias.com.br\/?p=3688#primaryimage"},"image":{"@id":"https:\/\/nat7noticias.com.br\/?p=3688#primaryimage"},"thumbnailUrl":"https:\/\/nat7noticias.com.br\/wp-content\/uploads\/2026\/04\/IMG-20260429-WA0027.jpg","datePublished":"2026-04-29T13:55:09+00:00","dateModified":"2026-04-29T13:55:10+00:00","breadcrumb":{"@id":"https:\/\/nat7noticias.com.br\/?p=3688#breadcrumb"},"inLanguage":"pt-BR","potentialAction":[{"@type":"ReadAction","target":["https:\/\/nat7noticias.com.br\/?p=3688"]}]},{"@type":"ImageObject","inLanguage":"pt-BR","@id":"https:\/\/nat7noticias.com.br\/?p=3688#primaryimage","url":"https:\/\/nat7noticias.com.br\/wp-content\/uploads\/2026\/04\/IMG-20260429-WA0027.jpg","contentUrl":"https:\/\/nat7noticias.com.br\/wp-content\/uploads\/2026\/04\/IMG-20260429-WA0027.jpg","width":753,"height":465},{"@type":"BreadcrumbList","@id":"https:\/\/nat7noticias.com.br\/?p=3688#breadcrumb","itemListElement":[{"@type":"ListItem","position":1,"name":"In\u00edcio","item":"https:\/\/nat7noticias.com.br\/"},{"@type":"ListItem","position":2,"name":"Governo do Tocantins fortalece povos origin\u00e1rios e tradicionais na 2\u00aa Feira de Artesanato Mulheres Empreendedoras da Amaz\u00f4nia"}]},{"@type":"WebSite","@id":"https:\/\/nat7noticias.com.br\/#website","url":"https:\/\/nat7noticias.com.br\/","name":"N7noticias","description":"","publisher":{"@id":"https:\/\/nat7noticias.com.br\/#organization"},"potentialAction":[{"@type":"SearchAction","target":{"@type":"EntryPoint","urlTemplate":"https:\/\/nat7noticias.com.br\/?s={search_term_string}"},"query-input":{"@type":"PropertyValueSpecification","valueRequired":true,"valueName":"search_term_string"}}],"inLanguage":"pt-BR"},{"@type":"Organization","@id":"https:\/\/nat7noticias.com.br\/#organization","name":"N7noticias","url":"https:\/\/nat7noticias.com.br\/","logo":{"@type":"ImageObject","inLanguage":"pt-BR","@id":"https:\/\/nat7noticias.com.br\/#\/schema\/logo\/image\/","url":"https:\/\/nat7noticias.com.br\/wp-content\/uploads\/2023\/10\/6W8cSg-LogoMakr.png","contentUrl":"https:\/\/nat7noticias.com.br\/wp-content\/uploads\/2023\/10\/6W8cSg-LogoMakr.png","width":249,"height":55,"caption":"N7noticias"},"image":{"@id":"https:\/\/nat7noticias.com.br\/#\/schema\/logo\/image\/"}},{"@type":"Person","@id":"https:\/\/nat7noticias.com.br\/#\/schema\/person\/690b027d93c852a6570e0bbc814a1cf0","name":"Nadya Mayara","image":{"@type":"ImageObject","inLanguage":"pt-BR","@id":"https:\/\/nat7noticias.com.br\/#\/schema\/person\/image\/","url":"https:\/\/secure.gravatar.com\/avatar\/5c1565ad13ab2510c4efdacf6de389ff?s=96&d=mm&r=g","contentUrl":"https:\/\/secure.gravatar.com\/avatar\/5c1565ad13ab2510c4efdacf6de389ff?s=96&d=mm&r=g","caption":"Nadya Mayara"},"sameAs":["https:\/\/nat7noticias.com.br\/"],"url":"https:\/\/nat7noticias.com.br\/?author=2"}]}},"_links":{"self":[{"href":"https:\/\/nat7noticias.com.br\/index.php?rest_route=\/wp\/v2\/posts\/3688","targetHints":{"allow":["GET"]}}],"collection":[{"href":"https:\/\/nat7noticias.com.br\/index.php?rest_route=\/wp\/v2\/posts"}],"about":[{"href":"https:\/\/nat7noticias.com.br\/index.php?rest_route=\/wp\/v2\/types\/post"}],"author":[{"embeddable":true,"href":"https:\/\/nat7noticias.com.br\/index.php?rest_route=\/wp\/v2\/users\/2"}],"replies":[{"embeddable":true,"href":"https:\/\/nat7noticias.com.br\/index.php?rest_route=%2Fwp%2Fv2%2Fcomments&post=3688"}],"version-history":[{"count":1,"href":"https:\/\/nat7noticias.com.br\/index.php?rest_route=\/wp\/v2\/posts\/3688\/revisions"}],"predecessor-version":[{"id":3692,"href":"https:\/\/nat7noticias.com.br\/index.php?rest_route=\/wp\/v2\/posts\/3688\/revisions\/3692"}],"wp:featuredmedia":[{"embeddable":true,"href":"https:\/\/nat7noticias.com.br\/index.php?rest_route=\/wp\/v2\/media\/3691"}],"wp:attachment":[{"href":"https:\/\/nat7noticias.com.br\/index.php?rest_route=%2Fwp%2Fv2%2Fmedia&parent=3688"}],"wp:term":[{"taxonomy":"category","embeddable":true,"href":"https:\/\/nat7noticias.com.br\/index.php?rest_route=%2Fwp%2Fv2%2Fcategories&post=3688"},{"taxonomy":"post_tag","embeddable":true,"href":"https:\/\/nat7noticias.com.br\/index.php?rest_route=%2Fwp%2Fv2%2Ftags&post=3688"}],"curies":[{"name":"wp","href":"https:\/\/api.w.org\/{rel}","templated":true}]}}