{"id":3696,"date":"2026-04-30T09:22:04","date_gmt":"2026-04-30T12:22:04","guid":{"rendered":"https:\/\/nat7noticias.com.br\/?p=3696"},"modified":"2026-04-30T09:22:05","modified_gmt":"2026-04-30T12:22:05","slug":"seduc-orienta-estudantes-sobre-prorrogacao-da-isencao-da-taxa-do-enem-2026-ate-esta-quinta-feira-30","status":"publish","type":"post","link":"https:\/\/nat7noticias.com.br\/?p=3696","title":{"rendered":"Seduc orienta estudantes sobre prorroga\u00e7\u00e3o da isen\u00e7\u00e3o da taxa do Enem 2026 at\u00e9 esta quinta-feira, 30"},"content":{"rendered":"\n<p>Solicita\u00e7\u00e3o de isen\u00e7\u00e3o poder\u00e1 ser solicitada na P\u00e1gina do Participante no portal do Inep<\/p>\n\n\n\n<p>por Jos\u00e9lia de Lima\/Governo do Tocantins<\/p>\n\n\n\n<p>publicado: 29\/04\/2026 10:22:00 &#8211; atualizado: 29\/04\/2026 13:37:08<\/p>\n\n\n\n<p>A Secretaria de Estado da Educa\u00e7\u00e3o (Seduc) orienta os estudantes matriculados na 3\u00aa s\u00e9rie do ensino m\u00e9dio a aproveitarem a prorroga\u00e7\u00e3o do prazo para solicita\u00e7\u00e3o de isen\u00e7\u00e3o da taxa de inscri\u00e7\u00e3o do Exame Nacional do Ensino M\u00e9dio (Enem) 2026. O benef\u00edcio, cujo prazo foi estendido pelo Minist\u00e9rio da Educa\u00e7\u00e3o (MEC), por meio do Instituto Nacional de Estudos e Pesquisas Educacionais An\u00edsio Teixeira (Inep), agora pode ser solicitado at\u00e9 esta quinta-feira, 30.<\/p>\n\n\n\n<p>O pedido deve ser feito na P\u00e1gina do Participante, no portal do Inep (https:\/\/enem.inep.gov.br\/participante), com acesso pelo login \u00fanico do gov.br, e garante gratuidade aos candidatos que atendem aos crit\u00e9rios estabelecidos para o exame.<\/p>\n\n\n\n<p>A solicita\u00e7\u00e3o de isen\u00e7\u00e3o antecede o per\u00edodo oficial de inscri\u00e7\u00f5es do Enem 2026 e garante o direito \u00e0 gratuidade aos candidatos que atendem aos crit\u00e9rios estabelecidos. Os participantes que obtiveram isen\u00e7\u00e3o no Enem 2025 e n\u00e3o compareceram aos dois dias de prova dever\u00e3o justificar a aus\u00eancia para solicitar novamente o benef\u00edcio neste ano.<\/p>\n\n\n\n<p>O resultado dos deferidos no pedido da isen\u00e7\u00e3o ser\u00e1 divulgado no dia 8 de maio. Recursos poder\u00e3o ser registrados no per\u00edodo de 11 a 15 de maio, e o resultado desses casos ser\u00e1 anunciado no dia 22 de maio.<\/p>\n\n\n\n<p>Ter\u00e3o direito \u00e0 isen\u00e7\u00e3o todos os estudantes que est\u00e3o concluindo o ensino m\u00e9dio, em institui\u00e7\u00f5es de ensino p\u00fablicas; pessoas que cursaram o ensino m\u00e9dio em escolas p\u00fablicas ou como bolsitas integrais em escolas privadas, que possuem renda igual ou inferior a um sal\u00e1rio-m\u00ednimo; alunos em situa\u00e7\u00e3o de vulnerabilidade socioecon\u00f4mica, membros de fam\u00edlia de baixa renda, com registro no Cadastro \u00danico para Programas Sociais do Governo Federal (Cad\u00danico).<\/p>\n\n\n\n<p>Os estudantes que recebem o benef\u00edcio P\u00e9 de Meia j\u00e1 est\u00e3o inseridos nas regras mencionadas. O Inep ainda n\u00e3o divulgou o per\u00edodo de inscri\u00e7\u00f5es para o Enem 2026.Os estudantes da rede estadual que tiverem dificuldades em realizar o pedido de isen\u00e7\u00e3o podem solicitar ajuda no setor de Orienta\u00e7\u00e3o Escolar de suas unidades de ensino.<\/p>\n\n\n\n<p>O Enem \u00e9 atualmente uma das principais portas para o ingresso no ensino superior, por meio do Sistema de Sele\u00e7\u00e3o Unificada (Sisu) e do Programa Universidade para Todos (Prouni) e do Fundo de Financiamento Estudantil (Fies). De acordo com informa\u00e7\u00f5es do Minist\u00e9rio da Educa\u00e7\u00e3o, o Enem 2026 ser\u00e1 utilizado para avalia\u00e7\u00e3o da qualidade do ensino m\u00e9dio e como certifica\u00e7\u00e3o da educa\u00e7\u00e3o b\u00e1sica.<\/p>\n","protected":false},"excerpt":{"rendered":"<p>Solicita\u00e7\u00e3o de isen\u00e7\u00e3o poder\u00e1 ser solicitada na P\u00e1gina do Participante no portal do Inep por Jos\u00e9lia de Lima\/Governo do Tocantins<\/p>\n","protected":false},"author":2,"featured_media":3697,"comment_status":"open","ping_status":"open","sticky":false,"template":"","format":"standard","meta":{"footnotes":""},"categories":[35],"tags":[],"class_list":["post-3696","post","type-post","status-publish","format-standard","has-post-thumbnail","hentry","category-educacao"],"yoast_head":"<!-- This site is optimized with the Yoast SEO plugin v26.8 - https:\/\/yoast.com\/product\/yoast-seo-wordpress\/ -->\n<title>Seduc orienta estudantes sobre prorroga\u00e7\u00e3o da isen\u00e7\u00e3o da taxa do Enem 2026 at\u00e9 esta quinta-feira, 30 - N7noticias<\/title>\n<meta name=\"robots\" content=\"index, follow, max-snippet:-1, max-image-preview:large, max-video-preview:-1\" \/>\n<link rel=\"canonical\" href=\"https:\/\/nat7noticias.com.br\/?p=3696\" \/>\n<meta property=\"og:locale\" content=\"pt_BR\" \/>\n<meta property=\"og:type\" content=\"article\" \/>\n<meta property=\"og:title\" content=\"Seduc orienta estudantes sobre prorroga\u00e7\u00e3o da isen\u00e7\u00e3o da taxa do Enem 2026 at\u00e9 esta quinta-feira, 30 - N7noticias\" \/>\n<meta property=\"og:description\" content=\"Solicita\u00e7\u00e3o de isen\u00e7\u00e3o poder\u00e1 ser solicitada na P\u00e1gina do Participante no portal do Inep por Jos\u00e9lia de Lima\/Governo do Tocantins\" \/>\n<meta property=\"og:url\" content=\"https:\/\/nat7noticias.com.br\/?p=3696\" \/>\n<meta property=\"og:site_name\" content=\"N7noticias\" \/>\n<meta property=\"article:published_time\" content=\"2026-04-30T12:22:04+00:00\" \/>\n<meta property=\"article:modified_time\" content=\"2026-04-30T12:22:05+00:00\" \/>\n<meta property=\"og:image\" content=\"https:\/\/nat7noticias.com.br\/wp-content\/uploads\/2026\/04\/IMG-20260430-WA0006.jpg\" \/>\n\t<meta property=\"og:image:width\" content=\"753\" \/>\n\t<meta property=\"og:image:height\" content=\"465\" \/>\n\t<meta property=\"og:image:type\" content=\"image\/jpeg\" \/>\n<meta name=\"author\" content=\"Nadya Mayara\" \/>\n<meta name=\"twitter:card\" content=\"summary_large_image\" \/>\n<meta name=\"twitter:label1\" content=\"Escrito por\" \/>\n\t<meta name=\"twitter:data1\" content=\"Nadya Mayara\" \/>\n\t<meta name=\"twitter:label2\" content=\"Est. tempo de leitura\" \/>\n\t<meta name=\"twitter:data2\" content=\"3 minutos\" \/>\n<script type=\"application\/ld+json\" class=\"yoast-schema-graph\">{\"@context\":\"https:\/\/schema.org\",\"@graph\":[{\"@type\":\"Article\",\"@id\":\"https:\/\/nat7noticias.com.br\/?p=3696#article\",\"isPartOf\":{\"@id\":\"https:\/\/nat7noticias.com.br\/?p=3696\"},\"author\":{\"name\":\"Nadya Mayara\",\"@id\":\"https:\/\/nat7noticias.com.br\/#\/schema\/person\/690b027d93c852a6570e0bbc814a1cf0\"},\"headline\":\"Seduc orienta estudantes sobre prorroga\u00e7\u00e3o da isen\u00e7\u00e3o da taxa do Enem 2026 at\u00e9 esta quinta-feira, 30\",\"datePublished\":\"2026-04-30T12:22:04+00:00\",\"dateModified\":\"2026-04-30T12:22:05+00:00\",\"mainEntityOfPage\":{\"@id\":\"https:\/\/nat7noticias.com.br\/?p=3696\"},\"wordCount\":474,\"commentCount\":0,\"publisher\":{\"@id\":\"https:\/\/nat7noticias.com.br\/#organization\"},\"image\":{\"@id\":\"https:\/\/nat7noticias.com.br\/?p=3696#primaryimage\"},\"thumbnailUrl\":\"https:\/\/nat7noticias.com.br\/wp-content\/uploads\/2026\/04\/IMG-20260430-WA0006.jpg\",\"articleSection\":[\"Educa\u00e7\u00e3o\"],\"inLanguage\":\"pt-BR\",\"potentialAction\":[{\"@type\":\"CommentAction\",\"name\":\"Comment\",\"target\":[\"https:\/\/nat7noticias.com.br\/?p=3696#respond\"]}]},{\"@type\":\"WebPage\",\"@id\":\"https:\/\/nat7noticias.com.br\/?p=3696\",\"url\":\"https:\/\/nat7noticias.com.br\/?p=3696\",\"name\":\"Seduc orienta estudantes sobre prorroga\u00e7\u00e3o da isen\u00e7\u00e3o da taxa do Enem 2026 at\u00e9 esta quinta-feira, 30 - N7noticias\",\"isPartOf\":{\"@id\":\"https:\/\/nat7noticias.com.br\/#website\"},\"primaryImageOfPage\":{\"@id\":\"https:\/\/nat7noticias.com.br\/?p=3696#primaryimage\"},\"image\":{\"@id\":\"https:\/\/nat7noticias.com.br\/?p=3696#primaryimage\"},\"thumbnailUrl\":\"https:\/\/nat7noticias.com.br\/wp-content\/uploads\/2026\/04\/IMG-20260430-WA0006.jpg\",\"datePublished\":\"2026-04-30T12:22:04+00:00\",\"dateModified\":\"2026-04-30T12:22:05+00:00\",\"breadcrumb\":{\"@id\":\"https:\/\/nat7noticias.com.br\/?p=3696#breadcrumb\"},\"inLanguage\":\"pt-BR\",\"potentialAction\":[{\"@type\":\"ReadAction\",\"target\":[\"https:\/\/nat7noticias.com.br\/?p=3696\"]}]},{\"@type\":\"ImageObject\",\"inLanguage\":\"pt-BR\",\"@id\":\"https:\/\/nat7noticias.com.br\/?p=3696#primaryimage\",\"url\":\"https:\/\/nat7noticias.com.br\/wp-content\/uploads\/2026\/04\/IMG-20260430-WA0006.jpg\",\"contentUrl\":\"https:\/\/nat7noticias.com.br\/wp-content\/uploads\/2026\/04\/IMG-20260430-WA0006.jpg\",\"width\":753,\"height\":465},{\"@type\":\"BreadcrumbList\",\"@id\":\"https:\/\/nat7noticias.com.br\/?p=3696#breadcrumb\",\"itemListElement\":[{\"@type\":\"ListItem\",\"position\":1,\"name\":\"In\u00edcio\",\"item\":\"https:\/\/nat7noticias.com.br\/\"},{\"@type\":\"ListItem\",\"position\":2,\"name\":\"Seduc orienta estudantes sobre prorroga\u00e7\u00e3o da isen\u00e7\u00e3o da taxa do Enem 2026 at\u00e9 esta quinta-feira, 30\"}]},{\"@type\":\"WebSite\",\"@id\":\"https:\/\/nat7noticias.com.br\/#website\",\"url\":\"https:\/\/nat7noticias.com.br\/\",\"name\":\"N7noticias\",\"description\":\"\",\"publisher\":{\"@id\":\"https:\/\/nat7noticias.com.br\/#organization\"},\"potentialAction\":[{\"@type\":\"SearchAction\",\"target\":{\"@type\":\"EntryPoint\",\"urlTemplate\":\"https:\/\/nat7noticias.com.br\/?s={search_term_string}\"},\"query-input\":{\"@type\":\"PropertyValueSpecification\",\"valueRequired\":true,\"valueName\":\"search_term_string\"}}],\"inLanguage\":\"pt-BR\"},{\"@type\":\"Organization\",\"@id\":\"https:\/\/nat7noticias.com.br\/#organization\",\"name\":\"N7noticias\",\"url\":\"https:\/\/nat7noticias.com.br\/\",\"logo\":{\"@type\":\"ImageObject\",\"inLanguage\":\"pt-BR\",\"@id\":\"https:\/\/nat7noticias.com.br\/#\/schema\/logo\/image\/\",\"url\":\"https:\/\/nat7noticias.com.br\/wp-content\/uploads\/2026\/05\/cropped-new-logo-220.png\",\"contentUrl\":\"https:\/\/nat7noticias.com.br\/wp-content\/uploads\/2026\/05\/cropped-new-logo-220.png\",\"width\":231,\"height\":49,\"caption\":\"N7noticias\"},\"image\":{\"@id\":\"https:\/\/nat7noticias.com.br\/#\/schema\/logo\/image\/\"}},{\"@type\":\"Person\",\"@id\":\"https:\/\/nat7noticias.com.br\/#\/schema\/person\/690b027d93c852a6570e0bbc814a1cf0\",\"name\":\"Nadya Mayara\",\"image\":{\"@type\":\"ImageObject\",\"inLanguage\":\"pt-BR\",\"@id\":\"https:\/\/nat7noticias.com.br\/#\/schema\/person\/image\/\",\"url\":\"https:\/\/secure.gravatar.com\/avatar\/5c1565ad13ab2510c4efdacf6de389ff?s=96&d=mm&r=g\",\"contentUrl\":\"https:\/\/secure.gravatar.com\/avatar\/5c1565ad13ab2510c4efdacf6de389ff?s=96&d=mm&r=g\",\"caption\":\"Nadya Mayara\"},\"sameAs\":[\"https:\/\/nat7noticias.com.br\/\"],\"url\":\"https:\/\/nat7noticias.com.br\/?author=2\"}]}<\/script>\n<!-- \/ Yoast SEO plugin. -->","yoast_head_json":{"title":"Seduc orienta estudantes sobre prorroga\u00e7\u00e3o da isen\u00e7\u00e3o da taxa do Enem 2026 at\u00e9 esta quinta-feira, 30 - N7noticias","robots":{"index":"index","follow":"follow","max-snippet":"max-snippet:-1","max-image-preview":"max-image-preview:large","max-video-preview":"max-video-preview:-1"},"canonical":"https:\/\/nat7noticias.com.br\/?p=3696","og_locale":"pt_BR","og_type":"article","og_title":"Seduc orienta estudantes sobre prorroga\u00e7\u00e3o da isen\u00e7\u00e3o da taxa do Enem 2026 at\u00e9 esta quinta-feira, 30 - N7noticias","og_description":"Solicita\u00e7\u00e3o de isen\u00e7\u00e3o poder\u00e1 ser solicitada na P\u00e1gina do Participante no portal do Inep por Jos\u00e9lia de Lima\/Governo do Tocantins","og_url":"https:\/\/nat7noticias.com.br\/?p=3696","og_site_name":"N7noticias","article_published_time":"2026-04-30T12:22:04+00:00","article_modified_time":"2026-04-30T12:22:05+00:00","og_image":[{"width":753,"height":465,"url":"https:\/\/nat7noticias.com.br\/wp-content\/uploads\/2026\/04\/IMG-20260430-WA0006.jpg","type":"image\/jpeg"}],"author":"Nadya Mayara","twitter_card":"summary_large_image","twitter_misc":{"Escrito por":"Nadya Mayara","Est. tempo de leitura":"3 minutos"},"schema":{"@context":"https:\/\/schema.org","@graph":[{"@type":"Article","@id":"https:\/\/nat7noticias.com.br\/?p=3696#article","isPartOf":{"@id":"https:\/\/nat7noticias.com.br\/?p=3696"},"author":{"name":"Nadya Mayara","@id":"https:\/\/nat7noticias.com.br\/#\/schema\/person\/690b027d93c852a6570e0bbc814a1cf0"},"headline":"Seduc orienta estudantes sobre prorroga\u00e7\u00e3o da isen\u00e7\u00e3o da taxa do Enem 2026 at\u00e9 esta quinta-feira, 30","datePublished":"2026-04-30T12:22:04+00:00","dateModified":"2026-04-30T12:22:05+00:00","mainEntityOfPage":{"@id":"https:\/\/nat7noticias.com.br\/?p=3696"},"wordCount":474,"commentCount":0,"publisher":{"@id":"https:\/\/nat7noticias.com.br\/#organization"},"image":{"@id":"https:\/\/nat7noticias.com.br\/?p=3696#primaryimage"},"thumbnailUrl":"https:\/\/nat7noticias.com.br\/wp-content\/uploads\/2026\/04\/IMG-20260430-WA0006.jpg","articleSection":["Educa\u00e7\u00e3o"],"inLanguage":"pt-BR","potentialAction":[{"@type":"CommentAction","name":"Comment","target":["https:\/\/nat7noticias.com.br\/?p=3696#respond"]}]},{"@type":"WebPage","@id":"https:\/\/nat7noticias.com.br\/?p=3696","url":"https:\/\/nat7noticias.com.br\/?p=3696","name":"Seduc orienta estudantes sobre prorroga\u00e7\u00e3o da isen\u00e7\u00e3o da taxa do Enem 2026 at\u00e9 esta quinta-feira, 30 - N7noticias","isPartOf":{"@id":"https:\/\/nat7noticias.com.br\/#website"},"primaryImageOfPage":{"@id":"https:\/\/nat7noticias.com.br\/?p=3696#primaryimage"},"image":{"@id":"https:\/\/nat7noticias.com.br\/?p=3696#primaryimage"},"thumbnailUrl":"https:\/\/nat7noticias.com.br\/wp-content\/uploads\/2026\/04\/IMG-20260430-WA0006.jpg","datePublished":"2026-04-30T12:22:04+00:00","dateModified":"2026-04-30T12:22:05+00:00","breadcrumb":{"@id":"https:\/\/nat7noticias.com.br\/?p=3696#breadcrumb"},"inLanguage":"pt-BR","potentialAction":[{"@type":"ReadAction","target":["https:\/\/nat7noticias.com.br\/?p=3696"]}]},{"@type":"ImageObject","inLanguage":"pt-BR","@id":"https:\/\/nat7noticias.com.br\/?p=3696#primaryimage","url":"https:\/\/nat7noticias.com.br\/wp-content\/uploads\/2026\/04\/IMG-20260430-WA0006.jpg","contentUrl":"https:\/\/nat7noticias.com.br\/wp-content\/uploads\/2026\/04\/IMG-20260430-WA0006.jpg","width":753,"height":465},{"@type":"BreadcrumbList","@id":"https:\/\/nat7noticias.com.br\/?p=3696#breadcrumb","itemListElement":[{"@type":"ListItem","position":1,"name":"In\u00edcio","item":"https:\/\/nat7noticias.com.br\/"},{"@type":"ListItem","position":2,"name":"Seduc orienta estudantes sobre prorroga\u00e7\u00e3o da isen\u00e7\u00e3o da taxa do Enem 2026 at\u00e9 esta quinta-feira, 30"}]},{"@type":"WebSite","@id":"https:\/\/nat7noticias.com.br\/#website","url":"https:\/\/nat7noticias.com.br\/","name":"N7noticias","description":"","publisher":{"@id":"https:\/\/nat7noticias.com.br\/#organization"},"potentialAction":[{"@type":"SearchAction","target":{"@type":"EntryPoint","urlTemplate":"https:\/\/nat7noticias.com.br\/?s={search_term_string}"},"query-input":{"@type":"PropertyValueSpecification","valueRequired":true,"valueName":"search_term_string"}}],"inLanguage":"pt-BR"},{"@type":"Organization","@id":"https:\/\/nat7noticias.com.br\/#organization","name":"N7noticias","url":"https:\/\/nat7noticias.com.br\/","logo":{"@type":"ImageObject","inLanguage":"pt-BR","@id":"https:\/\/nat7noticias.com.br\/#\/schema\/logo\/image\/","url":"https:\/\/nat7noticias.com.br\/wp-content\/uploads\/2026\/05\/cropped-new-logo-220.png","contentUrl":"https:\/\/nat7noticias.com.br\/wp-content\/uploads\/2026\/05\/cropped-new-logo-220.png","width":231,"height":49,"caption":"N7noticias"},"image":{"@id":"https:\/\/nat7noticias.com.br\/#\/schema\/logo\/image\/"}},{"@type":"Person","@id":"https:\/\/nat7noticias.com.br\/#\/schema\/person\/690b027d93c852a6570e0bbc814a1cf0","name":"Nadya Mayara","image":{"@type":"ImageObject","inLanguage":"pt-BR","@id":"https:\/\/nat7noticias.com.br\/#\/schema\/person\/image\/","url":"https:\/\/secure.gravatar.com\/avatar\/5c1565ad13ab2510c4efdacf6de389ff?s=96&d=mm&r=g","contentUrl":"https:\/\/secure.gravatar.com\/avatar\/5c1565ad13ab2510c4efdacf6de389ff?s=96&d=mm&r=g","caption":"Nadya Mayara"},"sameAs":["https:\/\/nat7noticias.com.br\/"],"url":"https:\/\/nat7noticias.com.br\/?author=2"}]}},"_links":{"self":[{"href":"https:\/\/nat7noticias.com.br\/index.php?rest_route=\/wp\/v2\/posts\/3696","targetHints":{"allow":["GET"]}}],"collection":[{"href":"https:\/\/nat7noticias.com.br\/index.php?rest_route=\/wp\/v2\/posts"}],"about":[{"href":"https:\/\/nat7noticias.com.br\/index.php?rest_route=\/wp\/v2\/types\/post"}],"author":[{"embeddable":true,"href":"https:\/\/nat7noticias.com.br\/index.php?rest_route=\/wp\/v2\/users\/2"}],"replies":[{"embeddable":true,"href":"https:\/\/nat7noticias.com.br\/index.php?rest_route=%2Fwp%2Fv2%2Fcomments&post=3696"}],"version-history":[{"count":1,"href":"https:\/\/nat7noticias.com.br\/index.php?rest_route=\/wp\/v2\/posts\/3696\/revisions"}],"predecessor-version":[{"id":3698,"href":"https:\/\/nat7noticias.com.br\/index.php?rest_route=\/wp\/v2\/posts\/3696\/revisions\/3698"}],"wp:featuredmedia":[{"embeddable":true,"href":"https:\/\/nat7noticias.com.br\/index.php?rest_route=\/wp\/v2\/media\/3697"}],"wp:attachment":[{"href":"https:\/\/nat7noticias.com.br\/index.php?rest_route=%2Fwp%2Fv2%2Fmedia&parent=3696"}],"wp:term":[{"taxonomy":"category","embeddable":true,"href":"https:\/\/nat7noticias.com.br\/index.php?rest_route=%2Fwp%2Fv2%2Fcategories&post=3696"},{"taxonomy":"post_tag","embeddable":true,"href":"https:\/\/nat7noticias.com.br\/index.php?rest_route=%2Fwp%2Fv2%2Ftags&post=3696"}],"curies":[{"name":"wp","href":"https:\/\/api.w.org\/{rel}","templated":true}]}}