{"id":3707,"date":"2026-04-30T14:26:36","date_gmt":"2026-04-30T17:26:36","guid":{"rendered":"https:\/\/nat7noticias.com.br\/?p=3707"},"modified":"2026-04-30T14:26:36","modified_gmt":"2026-04-30T17:26:36","slug":"presidente-da-aprosoja-brasil-mauricio-buffon-e-homenageado-entre-os-100-mais-influentes-do-agronegocio-em-2026","status":"publish","type":"post","link":"https:\/\/nat7noticias.com.br\/?p=3707","title":{"rendered":"Presidente da Aprosoja Brasil, Maur\u00edcio Buffon, \u00e9 homenageado entre os 100 Mais Influentes do Agroneg\u00f3cio em 2026"},"content":{"rendered":"\n<p>Ao receber a honraria, Buffon destacou que o pr\u00eamio \u00e9 resultado do trabalho conjunto das 16 Aprosojas estaduais na defesa da categoria. Ele tamb\u00e9m dedicou a conquista aos produtores rurais de todo o pa\u00eds.<\/p>\n\n\n\n<p>O presidente da Associa\u00e7\u00e3o Brasileira dos Produtores de Soja (Aprosoja Brasil), Maur\u00edcio Buffon, foi agraciado com o Pr\u00eamio 100 Mais Influentes do Agroneg\u00f3cio em 2026, na categoria Lideran\u00e7a Setorial, uma das mais relevantes distin\u00e7\u00f5es concedidas a personalidades que exercem papel decisivo no fortalecimento e desenvolvimento do setor agropecu\u00e1rio nacional. <\/p>\n\n\n\n<p>A honraria foi entregue durante cerim\u00f4nia realizada no \u00faltimo dia 28 de abril, em Ribeir\u00e3o Preto (SP), reunindo grandes nomes que moldam os rumos do agroneg\u00f3cio brasileiro.Promovido pelo Grupo M\u00eddia, o pr\u00eamio \u00e9 considerado o &#8220;Oscar do Agro&#8221; e reconhece, anualmente, cem lideran\u00e7as com atua\u00e7\u00e3o estrat\u00e9gica, influ\u00eancia institucional e impacto efetivo nas transforma\u00e7\u00f5es do campo brasileiro. <\/p>\n\n\n\n<p>A escolha dos homenageados ocorre por meio de vota\u00e7\u00e3o oficial e pesquisa de mercado conduzida pelo Conselho Editorial da premia\u00e7\u00e3o, levando em considera\u00e7\u00e3o as a\u00e7\u00f5es e resultados apresentados nos \u00faltimos doze meses.<\/p>\n\n\n\n<p>Maur\u00edcio Buffon recebeu o reconhecimento em um momento em que sua atua\u00e7\u00e3o \u00e0 frente da Aprosoja Brasil tem ganhado ainda mais destaque no cen\u00e1rio nacional. Como principal representante dos produtores de soja e milho do pa\u00eds, Buffon vem conduzindo pautas essenciais para o setor, entre elas a defesa da seguran\u00e7a jur\u00eddica no campo, a amplia\u00e7\u00e3o da competitividade da produ\u00e7\u00e3o brasileira, o fortalecimento da infraestrutura log\u00edstica e o enfrentamento de medidas que impactam diretamente o produtor rural.<\/p>\n\n\n\n<p>A homenagem consolida Buffon como uma das vozes mais influentes do agroneg\u00f3cio brasileiro, sobretudo em um per\u00edodo em que o setor exige articula\u00e7\u00e3o, representatividade e firmeza diante dos desafios econ\u00f4micos, ambientais e pol\u00edticos. Sua presen\u00e7a constante nos debates nacionais e em f\u00f3runs estrat\u00e9gicos tem colocado a Aprosoja Brasil em posi\u00e7\u00e3o de protagonismo na defesa dos interesses da cadeia produtiva da soja e do milho.<\/p>\n\n\n\n<p>Ao figurar entre os cem nomes mais influentes do agroneg\u00f3cio em 2026, Maur\u00edcio Buffon refor\u00e7a n\u00e3o apenas sua lideran\u00e7a pessoal, mas tamb\u00e9m a relev\u00e2ncia da Aprosoja Brasil como entidade que tem contribu\u00eddo diretamente para o avan\u00e7o tecnol\u00f3gico, institucional e produtivo do agro nacional.<\/p>\n","protected":false},"excerpt":{"rendered":"<p>Ao receber a honraria, Buffon destacou que o pr\u00eamio \u00e9 resultado do trabalho conjunto das 16 Aprosojas estaduais na defesa<\/p>\n","protected":false},"author":2,"featured_media":3708,"comment_status":"open","ping_status":"open","sticky":false,"template":"","format":"standard","meta":{"footnotes":""},"categories":[32],"tags":[],"class_list":["post-3707","post","type-post","status-publish","format-standard","has-post-thumbnail","hentry","category-agricultura"],"yoast_head":"<!-- This site is optimized with the Yoast SEO plugin v26.8 - https:\/\/yoast.com\/product\/yoast-seo-wordpress\/ -->\n<title>Presidente da Aprosoja Brasil, Maur\u00edcio Buffon, \u00e9 homenageado entre os 100 Mais Influentes do Agroneg\u00f3cio em 2026 - N7noticias<\/title>\n<meta name=\"robots\" content=\"index, follow, max-snippet:-1, max-image-preview:large, max-video-preview:-1\" \/>\n<link rel=\"canonical\" href=\"https:\/\/nat7noticias.com.br\/?p=3707\" \/>\n<meta property=\"og:locale\" content=\"pt_BR\" \/>\n<meta property=\"og:type\" content=\"article\" \/>\n<meta property=\"og:title\" content=\"Presidente da Aprosoja Brasil, Maur\u00edcio Buffon, \u00e9 homenageado entre os 100 Mais Influentes do Agroneg\u00f3cio em 2026 - N7noticias\" \/>\n<meta property=\"og:description\" content=\"Ao receber a honraria, Buffon destacou que o pr\u00eamio \u00e9 resultado do trabalho conjunto das 16 Aprosojas estaduais na defesa\" \/>\n<meta property=\"og:url\" content=\"https:\/\/nat7noticias.com.br\/?p=3707\" \/>\n<meta property=\"og:site_name\" content=\"N7noticias\" \/>\n<meta property=\"article:published_time\" content=\"2026-04-30T17:26:36+00:00\" \/>\n<meta property=\"og:image\" content=\"https:\/\/nat7noticias.com.br\/wp-content\/uploads\/2026\/04\/Screenshot_20260430-142510_Gallery.jpg\" \/>\n\t<meta property=\"og:image:width\" content=\"1080\" \/>\n\t<meta property=\"og:image:height\" content=\"1261\" \/>\n\t<meta property=\"og:image:type\" content=\"image\/jpeg\" \/>\n<meta name=\"author\" content=\"Nadya Mayara\" \/>\n<meta name=\"twitter:card\" content=\"summary_large_image\" \/>\n<meta name=\"twitter:label1\" content=\"Escrito por\" \/>\n\t<meta name=\"twitter:data1\" content=\"Nadya Mayara\" \/>\n\t<meta name=\"twitter:label2\" content=\"Est. tempo de leitura\" \/>\n\t<meta name=\"twitter:data2\" content=\"3 minutos\" \/>\n<script type=\"application\/ld+json\" class=\"yoast-schema-graph\">{\"@context\":\"https:\/\/schema.org\",\"@graph\":[{\"@type\":\"Article\",\"@id\":\"https:\/\/nat7noticias.com.br\/?p=3707#article\",\"isPartOf\":{\"@id\":\"https:\/\/nat7noticias.com.br\/?p=3707\"},\"author\":{\"name\":\"Nadya Mayara\",\"@id\":\"https:\/\/nat7noticias.com.br\/#\/schema\/person\/690b027d93c852a6570e0bbc814a1cf0\"},\"headline\":\"Presidente da Aprosoja Brasil, Maur\u00edcio Buffon, \u00e9 homenageado entre os 100 Mais Influentes do Agroneg\u00f3cio em 2026\",\"datePublished\":\"2026-04-30T17:26:36+00:00\",\"mainEntityOfPage\":{\"@id\":\"https:\/\/nat7noticias.com.br\/?p=3707\"},\"wordCount\":415,\"commentCount\":0,\"publisher\":{\"@id\":\"https:\/\/nat7noticias.com.br\/#organization\"},\"image\":{\"@id\":\"https:\/\/nat7noticias.com.br\/?p=3707#primaryimage\"},\"thumbnailUrl\":\"https:\/\/nat7noticias.com.br\/wp-content\/uploads\/2026\/04\/Screenshot_20260430-142510_Gallery.jpg\",\"articleSection\":[\"Agricultura\"],\"inLanguage\":\"pt-BR\",\"potentialAction\":[{\"@type\":\"CommentAction\",\"name\":\"Comment\",\"target\":[\"https:\/\/nat7noticias.com.br\/?p=3707#respond\"]}]},{\"@type\":\"WebPage\",\"@id\":\"https:\/\/nat7noticias.com.br\/?p=3707\",\"url\":\"https:\/\/nat7noticias.com.br\/?p=3707\",\"name\":\"Presidente da Aprosoja Brasil, Maur\u00edcio Buffon, \u00e9 homenageado entre os 100 Mais Influentes do Agroneg\u00f3cio em 2026 - N7noticias\",\"isPartOf\":{\"@id\":\"https:\/\/nat7noticias.com.br\/#website\"},\"primaryImageOfPage\":{\"@id\":\"https:\/\/nat7noticias.com.br\/?p=3707#primaryimage\"},\"image\":{\"@id\":\"https:\/\/nat7noticias.com.br\/?p=3707#primaryimage\"},\"thumbnailUrl\":\"https:\/\/nat7noticias.com.br\/wp-content\/uploads\/2026\/04\/Screenshot_20260430-142510_Gallery.jpg\",\"datePublished\":\"2026-04-30T17:26:36+00:00\",\"breadcrumb\":{\"@id\":\"https:\/\/nat7noticias.com.br\/?p=3707#breadcrumb\"},\"inLanguage\":\"pt-BR\",\"potentialAction\":[{\"@type\":\"ReadAction\",\"target\":[\"https:\/\/nat7noticias.com.br\/?p=3707\"]}]},{\"@type\":\"ImageObject\",\"inLanguage\":\"pt-BR\",\"@id\":\"https:\/\/nat7noticias.com.br\/?p=3707#primaryimage\",\"url\":\"https:\/\/nat7noticias.com.br\/wp-content\/uploads\/2026\/04\/Screenshot_20260430-142510_Gallery.jpg\",\"contentUrl\":\"https:\/\/nat7noticias.com.br\/wp-content\/uploads\/2026\/04\/Screenshot_20260430-142510_Gallery.jpg\",\"width\":1080,\"height\":1261},{\"@type\":\"BreadcrumbList\",\"@id\":\"https:\/\/nat7noticias.com.br\/?p=3707#breadcrumb\",\"itemListElement\":[{\"@type\":\"ListItem\",\"position\":1,\"name\":\"In\u00edcio\",\"item\":\"https:\/\/nat7noticias.com.br\/\"},{\"@type\":\"ListItem\",\"position\":2,\"name\":\"Presidente da Aprosoja Brasil, Maur\u00edcio Buffon, \u00e9 homenageado entre os 100 Mais Influentes do Agroneg\u00f3cio em 2026\"}]},{\"@type\":\"WebSite\",\"@id\":\"https:\/\/nat7noticias.com.br\/#website\",\"url\":\"https:\/\/nat7noticias.com.br\/\",\"name\":\"N7noticias\",\"description\":\"\",\"publisher\":{\"@id\":\"https:\/\/nat7noticias.com.br\/#organization\"},\"potentialAction\":[{\"@type\":\"SearchAction\",\"target\":{\"@type\":\"EntryPoint\",\"urlTemplate\":\"https:\/\/nat7noticias.com.br\/?s={search_term_string}\"},\"query-input\":{\"@type\":\"PropertyValueSpecification\",\"valueRequired\":true,\"valueName\":\"search_term_string\"}}],\"inLanguage\":\"pt-BR\"},{\"@type\":\"Organization\",\"@id\":\"https:\/\/nat7noticias.com.br\/#organization\",\"name\":\"N7noticias\",\"url\":\"https:\/\/nat7noticias.com.br\/\",\"logo\":{\"@type\":\"ImageObject\",\"inLanguage\":\"pt-BR\",\"@id\":\"https:\/\/nat7noticias.com.br\/#\/schema\/logo\/image\/\",\"url\":\"https:\/\/nat7noticias.com.br\/wp-content\/uploads\/2026\/05\/cropped-new-logo-220.png\",\"contentUrl\":\"https:\/\/nat7noticias.com.br\/wp-content\/uploads\/2026\/05\/cropped-new-logo-220.png\",\"width\":231,\"height\":49,\"caption\":\"N7noticias\"},\"image\":{\"@id\":\"https:\/\/nat7noticias.com.br\/#\/schema\/logo\/image\/\"}},{\"@type\":\"Person\",\"@id\":\"https:\/\/nat7noticias.com.br\/#\/schema\/person\/690b027d93c852a6570e0bbc814a1cf0\",\"name\":\"Nadya Mayara\",\"image\":{\"@type\":\"ImageObject\",\"inLanguage\":\"pt-BR\",\"@id\":\"https:\/\/nat7noticias.com.br\/#\/schema\/person\/image\/\",\"url\":\"https:\/\/secure.gravatar.com\/avatar\/5c1565ad13ab2510c4efdacf6de389ff?s=96&d=mm&r=g\",\"contentUrl\":\"https:\/\/secure.gravatar.com\/avatar\/5c1565ad13ab2510c4efdacf6de389ff?s=96&d=mm&r=g\",\"caption\":\"Nadya Mayara\"},\"sameAs\":[\"https:\/\/nat7noticias.com.br\/\"],\"url\":\"https:\/\/nat7noticias.com.br\/?author=2\"}]}<\/script>\n<!-- \/ Yoast SEO plugin. -->","yoast_head_json":{"title":"Presidente da Aprosoja Brasil, Maur\u00edcio Buffon, \u00e9 homenageado entre os 100 Mais Influentes do Agroneg\u00f3cio em 2026 - N7noticias","robots":{"index":"index","follow":"follow","max-snippet":"max-snippet:-1","max-image-preview":"max-image-preview:large","max-video-preview":"max-video-preview:-1"},"canonical":"https:\/\/nat7noticias.com.br\/?p=3707","og_locale":"pt_BR","og_type":"article","og_title":"Presidente da Aprosoja Brasil, Maur\u00edcio Buffon, \u00e9 homenageado entre os 100 Mais Influentes do Agroneg\u00f3cio em 2026 - N7noticias","og_description":"Ao receber a honraria, Buffon destacou que o pr\u00eamio \u00e9 resultado do trabalho conjunto das 16 Aprosojas estaduais na defesa","og_url":"https:\/\/nat7noticias.com.br\/?p=3707","og_site_name":"N7noticias","article_published_time":"2026-04-30T17:26:36+00:00","og_image":[{"width":1080,"height":1261,"url":"https:\/\/nat7noticias.com.br\/wp-content\/uploads\/2026\/04\/Screenshot_20260430-142510_Gallery.jpg","type":"image\/jpeg"}],"author":"Nadya Mayara","twitter_card":"summary_large_image","twitter_misc":{"Escrito por":"Nadya Mayara","Est. tempo de leitura":"3 minutos"},"schema":{"@context":"https:\/\/schema.org","@graph":[{"@type":"Article","@id":"https:\/\/nat7noticias.com.br\/?p=3707#article","isPartOf":{"@id":"https:\/\/nat7noticias.com.br\/?p=3707"},"author":{"name":"Nadya Mayara","@id":"https:\/\/nat7noticias.com.br\/#\/schema\/person\/690b027d93c852a6570e0bbc814a1cf0"},"headline":"Presidente da Aprosoja Brasil, Maur\u00edcio Buffon, \u00e9 homenageado entre os 100 Mais Influentes do Agroneg\u00f3cio em 2026","datePublished":"2026-04-30T17:26:36+00:00","mainEntityOfPage":{"@id":"https:\/\/nat7noticias.com.br\/?p=3707"},"wordCount":415,"commentCount":0,"publisher":{"@id":"https:\/\/nat7noticias.com.br\/#organization"},"image":{"@id":"https:\/\/nat7noticias.com.br\/?p=3707#primaryimage"},"thumbnailUrl":"https:\/\/nat7noticias.com.br\/wp-content\/uploads\/2026\/04\/Screenshot_20260430-142510_Gallery.jpg","articleSection":["Agricultura"],"inLanguage":"pt-BR","potentialAction":[{"@type":"CommentAction","name":"Comment","target":["https:\/\/nat7noticias.com.br\/?p=3707#respond"]}]},{"@type":"WebPage","@id":"https:\/\/nat7noticias.com.br\/?p=3707","url":"https:\/\/nat7noticias.com.br\/?p=3707","name":"Presidente da Aprosoja Brasil, Maur\u00edcio Buffon, \u00e9 homenageado entre os 100 Mais Influentes do Agroneg\u00f3cio em 2026 - N7noticias","isPartOf":{"@id":"https:\/\/nat7noticias.com.br\/#website"},"primaryImageOfPage":{"@id":"https:\/\/nat7noticias.com.br\/?p=3707#primaryimage"},"image":{"@id":"https:\/\/nat7noticias.com.br\/?p=3707#primaryimage"},"thumbnailUrl":"https:\/\/nat7noticias.com.br\/wp-content\/uploads\/2026\/04\/Screenshot_20260430-142510_Gallery.jpg","datePublished":"2026-04-30T17:26:36+00:00","breadcrumb":{"@id":"https:\/\/nat7noticias.com.br\/?p=3707#breadcrumb"},"inLanguage":"pt-BR","potentialAction":[{"@type":"ReadAction","target":["https:\/\/nat7noticias.com.br\/?p=3707"]}]},{"@type":"ImageObject","inLanguage":"pt-BR","@id":"https:\/\/nat7noticias.com.br\/?p=3707#primaryimage","url":"https:\/\/nat7noticias.com.br\/wp-content\/uploads\/2026\/04\/Screenshot_20260430-142510_Gallery.jpg","contentUrl":"https:\/\/nat7noticias.com.br\/wp-content\/uploads\/2026\/04\/Screenshot_20260430-142510_Gallery.jpg","width":1080,"height":1261},{"@type":"BreadcrumbList","@id":"https:\/\/nat7noticias.com.br\/?p=3707#breadcrumb","itemListElement":[{"@type":"ListItem","position":1,"name":"In\u00edcio","item":"https:\/\/nat7noticias.com.br\/"},{"@type":"ListItem","position":2,"name":"Presidente da Aprosoja Brasil, Maur\u00edcio Buffon, \u00e9 homenageado entre os 100 Mais Influentes do Agroneg\u00f3cio em 2026"}]},{"@type":"WebSite","@id":"https:\/\/nat7noticias.com.br\/#website","url":"https:\/\/nat7noticias.com.br\/","name":"N7noticias","description":"","publisher":{"@id":"https:\/\/nat7noticias.com.br\/#organization"},"potentialAction":[{"@type":"SearchAction","target":{"@type":"EntryPoint","urlTemplate":"https:\/\/nat7noticias.com.br\/?s={search_term_string}"},"query-input":{"@type":"PropertyValueSpecification","valueRequired":true,"valueName":"search_term_string"}}],"inLanguage":"pt-BR"},{"@type":"Organization","@id":"https:\/\/nat7noticias.com.br\/#organization","name":"N7noticias","url":"https:\/\/nat7noticias.com.br\/","logo":{"@type":"ImageObject","inLanguage":"pt-BR","@id":"https:\/\/nat7noticias.com.br\/#\/schema\/logo\/image\/","url":"https:\/\/nat7noticias.com.br\/wp-content\/uploads\/2026\/05\/cropped-new-logo-220.png","contentUrl":"https:\/\/nat7noticias.com.br\/wp-content\/uploads\/2026\/05\/cropped-new-logo-220.png","width":231,"height":49,"caption":"N7noticias"},"image":{"@id":"https:\/\/nat7noticias.com.br\/#\/schema\/logo\/image\/"}},{"@type":"Person","@id":"https:\/\/nat7noticias.com.br\/#\/schema\/person\/690b027d93c852a6570e0bbc814a1cf0","name":"Nadya Mayara","image":{"@type":"ImageObject","inLanguage":"pt-BR","@id":"https:\/\/nat7noticias.com.br\/#\/schema\/person\/image\/","url":"https:\/\/secure.gravatar.com\/avatar\/5c1565ad13ab2510c4efdacf6de389ff?s=96&d=mm&r=g","contentUrl":"https:\/\/secure.gravatar.com\/avatar\/5c1565ad13ab2510c4efdacf6de389ff?s=96&d=mm&r=g","caption":"Nadya Mayara"},"sameAs":["https:\/\/nat7noticias.com.br\/"],"url":"https:\/\/nat7noticias.com.br\/?author=2"}]}},"_links":{"self":[{"href":"https:\/\/nat7noticias.com.br\/index.php?rest_route=\/wp\/v2\/posts\/3707","targetHints":{"allow":["GET"]}}],"collection":[{"href":"https:\/\/nat7noticias.com.br\/index.php?rest_route=\/wp\/v2\/posts"}],"about":[{"href":"https:\/\/nat7noticias.com.br\/index.php?rest_route=\/wp\/v2\/types\/post"}],"author":[{"embeddable":true,"href":"https:\/\/nat7noticias.com.br\/index.php?rest_route=\/wp\/v2\/users\/2"}],"replies":[{"embeddable":true,"href":"https:\/\/nat7noticias.com.br\/index.php?rest_route=%2Fwp%2Fv2%2Fcomments&post=3707"}],"version-history":[{"count":1,"href":"https:\/\/nat7noticias.com.br\/index.php?rest_route=\/wp\/v2\/posts\/3707\/revisions"}],"predecessor-version":[{"id":3709,"href":"https:\/\/nat7noticias.com.br\/index.php?rest_route=\/wp\/v2\/posts\/3707\/revisions\/3709"}],"wp:featuredmedia":[{"embeddable":true,"href":"https:\/\/nat7noticias.com.br\/index.php?rest_route=\/wp\/v2\/media\/3708"}],"wp:attachment":[{"href":"https:\/\/nat7noticias.com.br\/index.php?rest_route=%2Fwp%2Fv2%2Fmedia&parent=3707"}],"wp:term":[{"taxonomy":"category","embeddable":true,"href":"https:\/\/nat7noticias.com.br\/index.php?rest_route=%2Fwp%2Fv2%2Fcategories&post=3707"},{"taxonomy":"post_tag","embeddable":true,"href":"https:\/\/nat7noticias.com.br\/index.php?rest_route=%2Fwp%2Fv2%2Ftags&post=3707"}],"curies":[{"name":"wp","href":"https:\/\/api.w.org\/{rel}","templated":true}]}}