{"id":3710,"date":"2026-04-30T15:00:02","date_gmt":"2026-04-30T18:00:02","guid":{"rendered":"https:\/\/nat7noticias.com.br\/?p=3710"},"modified":"2026-04-30T15:00:03","modified_gmt":"2026-04-30T18:00:03","slug":"mauricio-buffon-articula-vinda-de-flavio-bolsonaro-ao-tocantins-e-reforca-protagonismo-na-pre-campanha-de-2026","status":"publish","type":"post","link":"https:\/\/nat7noticias.com.br\/?p=3710","title":{"rendered":"Maur\u00edcio Buffon articula vinda de Fl\u00e1vio Bolsonaro ao Tocantins e refor\u00e7a protagonismo na pr\u00e9-campanha de 2026"},"content":{"rendered":"\n<p>Em v\u00eddeo divulgado nesta quarta-feira, 29, nas redes sociais, Buffon se apresenta como nome do time bolsonarista no estado<\/p>\n\n\n\n<p>O presidente da Associa\u00e7\u00e3o Brasileira dos Produtores de Soja (Aprosoja Brasil) e pr\u00e9-candidato a deputado federal pelo PL no Tocantins, Maur\u00edcio Buffon, deu mais um passo importante dentro das articula\u00e7\u00f5es da direita tocantinense para as elei\u00e7\u00f5es de 2026 ao se reunir, nesta quarta-feira (29), em Bras\u00edlia, com o senador Fl\u00e1vio Bolsonaro, nome que desponta como principal presidenci\u00e1vel do grupo bolsonarista no pa\u00eds.<\/p>\n\n\n\n<p>Durante o encontro, Buffon formalizou o convite para que Fl\u00e1vio Bolsonaro cumpra uma ampla agenda pol\u00edtica no Tocantins nos pr\u00f3ximos meses, consolidando o Estado dentro da rota estrat\u00e9gica da pr\u00e9-campanha presidencial e fortalecendo a constru\u00e7\u00e3o de um palanque robusto na regi\u00e3o Norte.<\/p>\n\n\n\n<p>Em v\u00eddeo divulgado nas redes sociais, Maur\u00edcio Buffon aparece ao lado do senador destacando a import\u00e2ncia da uni\u00e3o entre as lideran\u00e7as do Partido Liberal e refor\u00e7ando o alinhamento pol\u00edtico com o projeto nacional liderado pela fam\u00edlia Bolsonaro.&#8221;Quero deixar um abra\u00e7o a todo o povo tocantinense e convidar o senador Fl\u00e1vio Bolsonaro, nosso futuro presidente, para estar conosco no Tocantins, dialogando com nossa popula\u00e7\u00e3o e com as for\u00e7as produtivas do Estado&#8221;, afirmou Buffon na grava\u00e7\u00e3o.<\/p>\n\n\n\n<p>Fl\u00e1vio Bolsonaro aceitou o convite e sinalizou positivamente para a constru\u00e7\u00e3o da agenda, o que nos bastidores \u00e9 interpretado como um gesto claro de prest\u00edgio ao nome de Maur\u00edcio Buffon dentro do PL nacional.<\/p>\n\n\n\n<p>Tocantins entra no radar da disputa presidencial<\/p>\n\n\n\n<p>A movimenta\u00e7\u00e3o pol\u00edtica n\u00e3o acontece por acaso. O Tocantins passou a ser visto pela c\u00fapula liberal como territ\u00f3rio priorit\u00e1rio para amplia\u00e7\u00e3o da base bolsonarista, sobretudo pelo crescimento do agroneg\u00f3cio, pela for\u00e7a do eleitorado conservador no interior e pelo surgimento de novas lideran\u00e7as alinhadas ao setor produtivo.<\/p>\n\n\n\n<p>Maur\u00edcio Buffon, que j\u00e1 ganhou notoriedade nacional por comandar a Aprosoja Brasil e por seu posicionamento firme em defesa do agroneg\u00f3cio, vem sendo apontado como um dos principais nomes da direita tocantinense na corrida por uma vaga na C\u00e2mara Federal.<\/p>\n\n\n\n<p><strong>Por: Nadya Mayara <\/strong><\/p>\n\n\n\n<p><strong>N7 Not\u00edcias<\/strong><\/p>\n","protected":false},"excerpt":{"rendered":"<p>Em v\u00eddeo divulgado nesta quarta-feira, 29, nas redes sociais, Buffon se apresenta como nome do time bolsonarista no estado O<\/p>\n","protected":false},"author":2,"featured_media":3711,"comment_status":"open","ping_status":"open","sticky":false,"template":"","format":"standard","meta":{"footnotes":""},"categories":[14],"tags":[],"class_list":["post-3710","post","type-post","status-publish","format-standard","has-post-thumbnail","hentry","category-politics"],"yoast_head":"<!-- This site is optimized with the Yoast SEO plugin v26.8 - https:\/\/yoast.com\/product\/yoast-seo-wordpress\/ -->\n<title>Maur\u00edcio Buffon articula vinda de Fl\u00e1vio Bolsonaro ao Tocantins e refor\u00e7a protagonismo na pr\u00e9-campanha de 2026 - N7noticias<\/title>\n<meta name=\"robots\" content=\"index, follow, max-snippet:-1, max-image-preview:large, max-video-preview:-1\" \/>\n<link rel=\"canonical\" href=\"https:\/\/nat7noticias.com.br\/?p=3710\" \/>\n<meta property=\"og:locale\" content=\"pt_BR\" \/>\n<meta property=\"og:type\" content=\"article\" \/>\n<meta property=\"og:title\" content=\"Maur\u00edcio Buffon articula vinda de Fl\u00e1vio Bolsonaro ao Tocantins e refor\u00e7a protagonismo na pr\u00e9-campanha de 2026 - N7noticias\" \/>\n<meta property=\"og:description\" content=\"Em v\u00eddeo divulgado nesta quarta-feira, 29, nas redes sociais, Buffon se apresenta como nome do time bolsonarista no estado O\" \/>\n<meta property=\"og:url\" content=\"https:\/\/nat7noticias.com.br\/?p=3710\" \/>\n<meta property=\"og:site_name\" content=\"N7noticias\" \/>\n<meta property=\"article:published_time\" content=\"2026-04-30T18:00:02+00:00\" \/>\n<meta property=\"article:modified_time\" content=\"2026-04-30T18:00:03+00:00\" \/>\n<meta property=\"og:image\" content=\"https:\/\/nat7noticias.com.br\/wp-content\/uploads\/2026\/04\/IMG-20260430-WA0031.jpg\" \/>\n\t<meta property=\"og:image:width\" content=\"651\" \/>\n\t<meta property=\"og:image:height\" content=\"555\" \/>\n\t<meta property=\"og:image:type\" content=\"image\/jpeg\" \/>\n<meta name=\"author\" content=\"Nadya Mayara\" \/>\n<meta name=\"twitter:card\" content=\"summary_large_image\" \/>\n<meta name=\"twitter:label1\" content=\"Escrito por\" \/>\n\t<meta name=\"twitter:data1\" content=\"Nadya Mayara\" \/>\n\t<meta name=\"twitter:label2\" content=\"Est. tempo de leitura\" \/>\n\t<meta name=\"twitter:data2\" content=\"3 minutos\" \/>\n<script type=\"application\/ld+json\" class=\"yoast-schema-graph\">{\"@context\":\"https:\/\/schema.org\",\"@graph\":[{\"@type\":\"Article\",\"@id\":\"https:\/\/nat7noticias.com.br\/?p=3710#article\",\"isPartOf\":{\"@id\":\"https:\/\/nat7noticias.com.br\/?p=3710\"},\"author\":{\"name\":\"Nadya Mayara\",\"@id\":\"https:\/\/nat7noticias.com.br\/#\/schema\/person\/690b027d93c852a6570e0bbc814a1cf0\"},\"headline\":\"Maur\u00edcio Buffon articula vinda de Fl\u00e1vio Bolsonaro ao Tocantins e refor\u00e7a protagonismo na pr\u00e9-campanha de 2026\",\"datePublished\":\"2026-04-30T18:00:02+00:00\",\"dateModified\":\"2026-04-30T18:00:03+00:00\",\"mainEntityOfPage\":{\"@id\":\"https:\/\/nat7noticias.com.br\/?p=3710\"},\"wordCount\":393,\"commentCount\":0,\"publisher\":{\"@id\":\"https:\/\/nat7noticias.com.br\/#organization\"},\"image\":{\"@id\":\"https:\/\/nat7noticias.com.br\/?p=3710#primaryimage\"},\"thumbnailUrl\":\"https:\/\/nat7noticias.com.br\/wp-content\/uploads\/2026\/04\/IMG-20260430-WA0031.jpg\",\"articleSection\":[\"Pol\u00edtica\"],\"inLanguage\":\"pt-BR\",\"potentialAction\":[{\"@type\":\"CommentAction\",\"name\":\"Comment\",\"target\":[\"https:\/\/nat7noticias.com.br\/?p=3710#respond\"]}]},{\"@type\":\"WebPage\",\"@id\":\"https:\/\/nat7noticias.com.br\/?p=3710\",\"url\":\"https:\/\/nat7noticias.com.br\/?p=3710\",\"name\":\"Maur\u00edcio Buffon articula vinda de Fl\u00e1vio Bolsonaro ao Tocantins e refor\u00e7a protagonismo na pr\u00e9-campanha de 2026 - N7noticias\",\"isPartOf\":{\"@id\":\"https:\/\/nat7noticias.com.br\/#website\"},\"primaryImageOfPage\":{\"@id\":\"https:\/\/nat7noticias.com.br\/?p=3710#primaryimage\"},\"image\":{\"@id\":\"https:\/\/nat7noticias.com.br\/?p=3710#primaryimage\"},\"thumbnailUrl\":\"https:\/\/nat7noticias.com.br\/wp-content\/uploads\/2026\/04\/IMG-20260430-WA0031.jpg\",\"datePublished\":\"2026-04-30T18:00:02+00:00\",\"dateModified\":\"2026-04-30T18:00:03+00:00\",\"breadcrumb\":{\"@id\":\"https:\/\/nat7noticias.com.br\/?p=3710#breadcrumb\"},\"inLanguage\":\"pt-BR\",\"potentialAction\":[{\"@type\":\"ReadAction\",\"target\":[\"https:\/\/nat7noticias.com.br\/?p=3710\"]}]},{\"@type\":\"ImageObject\",\"inLanguage\":\"pt-BR\",\"@id\":\"https:\/\/nat7noticias.com.br\/?p=3710#primaryimage\",\"url\":\"https:\/\/nat7noticias.com.br\/wp-content\/uploads\/2026\/04\/IMG-20260430-WA0031.jpg\",\"contentUrl\":\"https:\/\/nat7noticias.com.br\/wp-content\/uploads\/2026\/04\/IMG-20260430-WA0031.jpg\",\"width\":651,\"height\":555},{\"@type\":\"BreadcrumbList\",\"@id\":\"https:\/\/nat7noticias.com.br\/?p=3710#breadcrumb\",\"itemListElement\":[{\"@type\":\"ListItem\",\"position\":1,\"name\":\"In\u00edcio\",\"item\":\"https:\/\/nat7noticias.com.br\/\"},{\"@type\":\"ListItem\",\"position\":2,\"name\":\"Maur\u00edcio Buffon articula vinda de Fl\u00e1vio Bolsonaro ao Tocantins e refor\u00e7a protagonismo na pr\u00e9-campanha de 2026\"}]},{\"@type\":\"WebSite\",\"@id\":\"https:\/\/nat7noticias.com.br\/#website\",\"url\":\"https:\/\/nat7noticias.com.br\/\",\"name\":\"N7noticias\",\"description\":\"\",\"publisher\":{\"@id\":\"https:\/\/nat7noticias.com.br\/#organization\"},\"potentialAction\":[{\"@type\":\"SearchAction\",\"target\":{\"@type\":\"EntryPoint\",\"urlTemplate\":\"https:\/\/nat7noticias.com.br\/?s={search_term_string}\"},\"query-input\":{\"@type\":\"PropertyValueSpecification\",\"valueRequired\":true,\"valueName\":\"search_term_string\"}}],\"inLanguage\":\"pt-BR\"},{\"@type\":\"Organization\",\"@id\":\"https:\/\/nat7noticias.com.br\/#organization\",\"name\":\"N7noticias\",\"url\":\"https:\/\/nat7noticias.com.br\/\",\"logo\":{\"@type\":\"ImageObject\",\"inLanguage\":\"pt-BR\",\"@id\":\"https:\/\/nat7noticias.com.br\/#\/schema\/logo\/image\/\",\"url\":\"https:\/\/nat7noticias.com.br\/wp-content\/uploads\/2026\/05\/cropped-new-logo-220.png\",\"contentUrl\":\"https:\/\/nat7noticias.com.br\/wp-content\/uploads\/2026\/05\/cropped-new-logo-220.png\",\"width\":231,\"height\":49,\"caption\":\"N7noticias\"},\"image\":{\"@id\":\"https:\/\/nat7noticias.com.br\/#\/schema\/logo\/image\/\"}},{\"@type\":\"Person\",\"@id\":\"https:\/\/nat7noticias.com.br\/#\/schema\/person\/690b027d93c852a6570e0bbc814a1cf0\",\"name\":\"Nadya Mayara\",\"image\":{\"@type\":\"ImageObject\",\"inLanguage\":\"pt-BR\",\"@id\":\"https:\/\/nat7noticias.com.br\/#\/schema\/person\/image\/\",\"url\":\"https:\/\/secure.gravatar.com\/avatar\/5c1565ad13ab2510c4efdacf6de389ff?s=96&d=mm&r=g\",\"contentUrl\":\"https:\/\/secure.gravatar.com\/avatar\/5c1565ad13ab2510c4efdacf6de389ff?s=96&d=mm&r=g\",\"caption\":\"Nadya Mayara\"},\"sameAs\":[\"https:\/\/nat7noticias.com.br\/\"],\"url\":\"https:\/\/nat7noticias.com.br\/?author=2\"}]}<\/script>\n<!-- \/ Yoast SEO plugin. -->","yoast_head_json":{"title":"Maur\u00edcio Buffon articula vinda de Fl\u00e1vio Bolsonaro ao Tocantins e refor\u00e7a protagonismo na pr\u00e9-campanha de 2026 - N7noticias","robots":{"index":"index","follow":"follow","max-snippet":"max-snippet:-1","max-image-preview":"max-image-preview:large","max-video-preview":"max-video-preview:-1"},"canonical":"https:\/\/nat7noticias.com.br\/?p=3710","og_locale":"pt_BR","og_type":"article","og_title":"Maur\u00edcio Buffon articula vinda de Fl\u00e1vio Bolsonaro ao Tocantins e refor\u00e7a protagonismo na pr\u00e9-campanha de 2026 - N7noticias","og_description":"Em v\u00eddeo divulgado nesta quarta-feira, 29, nas redes sociais, Buffon se apresenta como nome do time bolsonarista no estado O","og_url":"https:\/\/nat7noticias.com.br\/?p=3710","og_site_name":"N7noticias","article_published_time":"2026-04-30T18:00:02+00:00","article_modified_time":"2026-04-30T18:00:03+00:00","og_image":[{"width":651,"height":555,"url":"https:\/\/nat7noticias.com.br\/wp-content\/uploads\/2026\/04\/IMG-20260430-WA0031.jpg","type":"image\/jpeg"}],"author":"Nadya Mayara","twitter_card":"summary_large_image","twitter_misc":{"Escrito por":"Nadya Mayara","Est. tempo de leitura":"3 minutos"},"schema":{"@context":"https:\/\/schema.org","@graph":[{"@type":"Article","@id":"https:\/\/nat7noticias.com.br\/?p=3710#article","isPartOf":{"@id":"https:\/\/nat7noticias.com.br\/?p=3710"},"author":{"name":"Nadya Mayara","@id":"https:\/\/nat7noticias.com.br\/#\/schema\/person\/690b027d93c852a6570e0bbc814a1cf0"},"headline":"Maur\u00edcio Buffon articula vinda de Fl\u00e1vio Bolsonaro ao Tocantins e refor\u00e7a protagonismo na pr\u00e9-campanha de 2026","datePublished":"2026-04-30T18:00:02+00:00","dateModified":"2026-04-30T18:00:03+00:00","mainEntityOfPage":{"@id":"https:\/\/nat7noticias.com.br\/?p=3710"},"wordCount":393,"commentCount":0,"publisher":{"@id":"https:\/\/nat7noticias.com.br\/#organization"},"image":{"@id":"https:\/\/nat7noticias.com.br\/?p=3710#primaryimage"},"thumbnailUrl":"https:\/\/nat7noticias.com.br\/wp-content\/uploads\/2026\/04\/IMG-20260430-WA0031.jpg","articleSection":["Pol\u00edtica"],"inLanguage":"pt-BR","potentialAction":[{"@type":"CommentAction","name":"Comment","target":["https:\/\/nat7noticias.com.br\/?p=3710#respond"]}]},{"@type":"WebPage","@id":"https:\/\/nat7noticias.com.br\/?p=3710","url":"https:\/\/nat7noticias.com.br\/?p=3710","name":"Maur\u00edcio Buffon articula vinda de Fl\u00e1vio Bolsonaro ao Tocantins e refor\u00e7a protagonismo na pr\u00e9-campanha de 2026 - N7noticias","isPartOf":{"@id":"https:\/\/nat7noticias.com.br\/#website"},"primaryImageOfPage":{"@id":"https:\/\/nat7noticias.com.br\/?p=3710#primaryimage"},"image":{"@id":"https:\/\/nat7noticias.com.br\/?p=3710#primaryimage"},"thumbnailUrl":"https:\/\/nat7noticias.com.br\/wp-content\/uploads\/2026\/04\/IMG-20260430-WA0031.jpg","datePublished":"2026-04-30T18:00:02+00:00","dateModified":"2026-04-30T18:00:03+00:00","breadcrumb":{"@id":"https:\/\/nat7noticias.com.br\/?p=3710#breadcrumb"},"inLanguage":"pt-BR","potentialAction":[{"@type":"ReadAction","target":["https:\/\/nat7noticias.com.br\/?p=3710"]}]},{"@type":"ImageObject","inLanguage":"pt-BR","@id":"https:\/\/nat7noticias.com.br\/?p=3710#primaryimage","url":"https:\/\/nat7noticias.com.br\/wp-content\/uploads\/2026\/04\/IMG-20260430-WA0031.jpg","contentUrl":"https:\/\/nat7noticias.com.br\/wp-content\/uploads\/2026\/04\/IMG-20260430-WA0031.jpg","width":651,"height":555},{"@type":"BreadcrumbList","@id":"https:\/\/nat7noticias.com.br\/?p=3710#breadcrumb","itemListElement":[{"@type":"ListItem","position":1,"name":"In\u00edcio","item":"https:\/\/nat7noticias.com.br\/"},{"@type":"ListItem","position":2,"name":"Maur\u00edcio Buffon articula vinda de Fl\u00e1vio Bolsonaro ao Tocantins e refor\u00e7a protagonismo na pr\u00e9-campanha de 2026"}]},{"@type":"WebSite","@id":"https:\/\/nat7noticias.com.br\/#website","url":"https:\/\/nat7noticias.com.br\/","name":"N7noticias","description":"","publisher":{"@id":"https:\/\/nat7noticias.com.br\/#organization"},"potentialAction":[{"@type":"SearchAction","target":{"@type":"EntryPoint","urlTemplate":"https:\/\/nat7noticias.com.br\/?s={search_term_string}"},"query-input":{"@type":"PropertyValueSpecification","valueRequired":true,"valueName":"search_term_string"}}],"inLanguage":"pt-BR"},{"@type":"Organization","@id":"https:\/\/nat7noticias.com.br\/#organization","name":"N7noticias","url":"https:\/\/nat7noticias.com.br\/","logo":{"@type":"ImageObject","inLanguage":"pt-BR","@id":"https:\/\/nat7noticias.com.br\/#\/schema\/logo\/image\/","url":"https:\/\/nat7noticias.com.br\/wp-content\/uploads\/2026\/05\/cropped-new-logo-220.png","contentUrl":"https:\/\/nat7noticias.com.br\/wp-content\/uploads\/2026\/05\/cropped-new-logo-220.png","width":231,"height":49,"caption":"N7noticias"},"image":{"@id":"https:\/\/nat7noticias.com.br\/#\/schema\/logo\/image\/"}},{"@type":"Person","@id":"https:\/\/nat7noticias.com.br\/#\/schema\/person\/690b027d93c852a6570e0bbc814a1cf0","name":"Nadya Mayara","image":{"@type":"ImageObject","inLanguage":"pt-BR","@id":"https:\/\/nat7noticias.com.br\/#\/schema\/person\/image\/","url":"https:\/\/secure.gravatar.com\/avatar\/5c1565ad13ab2510c4efdacf6de389ff?s=96&d=mm&r=g","contentUrl":"https:\/\/secure.gravatar.com\/avatar\/5c1565ad13ab2510c4efdacf6de389ff?s=96&d=mm&r=g","caption":"Nadya Mayara"},"sameAs":["https:\/\/nat7noticias.com.br\/"],"url":"https:\/\/nat7noticias.com.br\/?author=2"}]}},"_links":{"self":[{"href":"https:\/\/nat7noticias.com.br\/index.php?rest_route=\/wp\/v2\/posts\/3710","targetHints":{"allow":["GET"]}}],"collection":[{"href":"https:\/\/nat7noticias.com.br\/index.php?rest_route=\/wp\/v2\/posts"}],"about":[{"href":"https:\/\/nat7noticias.com.br\/index.php?rest_route=\/wp\/v2\/types\/post"}],"author":[{"embeddable":true,"href":"https:\/\/nat7noticias.com.br\/index.php?rest_route=\/wp\/v2\/users\/2"}],"replies":[{"embeddable":true,"href":"https:\/\/nat7noticias.com.br\/index.php?rest_route=%2Fwp%2Fv2%2Fcomments&post=3710"}],"version-history":[{"count":1,"href":"https:\/\/nat7noticias.com.br\/index.php?rest_route=\/wp\/v2\/posts\/3710\/revisions"}],"predecessor-version":[{"id":3712,"href":"https:\/\/nat7noticias.com.br\/index.php?rest_route=\/wp\/v2\/posts\/3710\/revisions\/3712"}],"wp:featuredmedia":[{"embeddable":true,"href":"https:\/\/nat7noticias.com.br\/index.php?rest_route=\/wp\/v2\/media\/3711"}],"wp:attachment":[{"href":"https:\/\/nat7noticias.com.br\/index.php?rest_route=%2Fwp%2Fv2%2Fmedia&parent=3710"}],"wp:term":[{"taxonomy":"category","embeddable":true,"href":"https:\/\/nat7noticias.com.br\/index.php?rest_route=%2Fwp%2Fv2%2Fcategories&post=3710"},{"taxonomy":"post_tag","embeddable":true,"href":"https:\/\/nat7noticias.com.br\/index.php?rest_route=%2Fwp%2Fv2%2Ftags&post=3710"}],"curies":[{"name":"wp","href":"https:\/\/api.w.org\/{rel}","templated":true}]}}