{"id":3713,"date":"2026-04-30T17:10:43","date_gmt":"2026-04-30T20:10:43","guid":{"rendered":"https:\/\/nat7noticias.com.br\/?p=3713"},"modified":"2026-04-30T17:10:43","modified_gmt":"2026-04-30T20:10:43","slug":"congresso-nacional-derruba-veto-de-lula-ao-pl-da-dosimetria-e-impoe-nova-derrota-ao-planalto","status":"publish","type":"post","link":"https:\/\/nat7noticias.com.br\/?p=3713","title":{"rendered":"Congresso Nacional derruba veto de Lula ao PL da Dosimetria e imp\u00f5e nova derrota ao Planalto"},"content":{"rendered":"\n<p><div>Com a derrubada do veto, o PL da Dosimetria passa a valer como uma das decis\u00f5es mais sens\u00edveis e controversas do ano no campo pol\u00edtico-jur\u00eddico<\/div><\/p>\n\n\n\n<p><div>Em mais um duro rev\u00e9s pol\u00edtico para o governo federal, o Congresso Nacional derrubou nesta quinta-feira (30) o veto integral do presidente Luiz In\u00e1cio Lula da Silva ao chamado Projeto de Lei da Dosimetria, texto que altera a forma de c\u00e1lculo das penas aplicadas a condenados por crimes contra o Estado Democr\u00e1tico de Direito e pelos atos antidemocr\u00e1ticos de 8 de janeiro de 2023.<\/div><\/p>\n\n\n\n<p><div>A decis\u00e3o foi tomada em sess\u00e3o conjunta da C\u00e2mara dos Deputados e do Senado Federal e representa uma expressiva derrota para o Pal\u00e1cio do Planalto. Na C\u00e2mara, 318 parlamentares votaram pela derrubada do veto presidencial, enquanto 144 defenderam sua manuten\u00e7\u00e3o e cinco se abstiveram. J\u00e1 no Senado, 49 senadores foram favor\u00e1veis \u00e0 rejei\u00e7\u00e3o do veto e 24 votaram com o governo. Com o resultado, o texto segue agora para promulga\u00e7\u00e3o.<\/div><\/p>\n\n\n\n<p><div>O PL da Dosimetria, aprovado pelo Congresso em dezembro do ano passado, estabelece novos crit\u00e9rios para aplica\u00e7\u00e3o das penas em casos de condena\u00e7\u00e3o simult\u00e2nea por tentativa de golpe de Estado e aboli\u00e7\u00e3o violenta do Estado Democr\u00e1tico de Direito. Na pr\u00e1tica, a proposta impede a soma integral de penas pelos dois crimes quando praticados no mesmo contexto, determinando a aplica\u00e7\u00e3o da pena mais grave com acr\u00e9scimo proporcional, o que reduz significativamente o tempo de pris\u00e3o de diversos condenados.<\/div><\/p>\n\n\n\n<p><div>A mat\u00e9ria pode beneficiar centenas de envolvidos nos ataques \u00e0s sedes dos Tr\u00eas Poderes em Bras\u00edlia, inclusive figuras centrais do n\u00facleo pol\u00edtico investigado e j\u00e1 condenadas pela Justi\u00e7a, entre elas o ex-presidente Jair Bolsonaro, apontado como um dos principais benefici\u00e1rios da mudan\u00e7a legislativa.<\/div><\/p>\n\n\n\n<p><div>A repercuss\u00e3o pol\u00edtica foi imediata. Entre apoiadores da oposi\u00e7\u00e3o, a decis\u00e3o foi comemorada como &#8220;corre\u00e7\u00e3o de excessos punitivos&#8221;. J\u00e1 entre governistas e setores ligados ao Judici\u00e1rio, o entendimento \u00e9 de que a medida abre brecha para um afrouxamento das puni\u00e7\u00f5es impostas aos respons\u00e1veis por atos considerados golpistas, reacendendo o debate sobre impunidade e limites institucionais. <\/div><\/p>\n\n\n\n<p><div><strong>Por: Nadya Mayara <\/strong><\/div><\/p>\n\n\n\n<p><div><strong>N7 Not\u00edcias<\/strong><\/div><\/p>\n","protected":false},"excerpt":{"rendered":"<p>Com a derrubada do veto, o PL da Dosimetria passa a valer como uma das decis\u00f5es mais sens\u00edveis e controversas<\/p>\n","protected":false},"author":2,"featured_media":3714,"comment_status":"open","ping_status":"open","sticky":false,"template":"","format":"standard","meta":{"footnotes":""},"categories":[14],"tags":[],"class_list":["post-3713","post","type-post","status-publish","format-standard","has-post-thumbnail","hentry","category-politics"],"yoast_head":"<!-- This site is optimized with the Yoast SEO plugin v26.8 - https:\/\/yoast.com\/product\/yoast-seo-wordpress\/ -->\n<title>Congresso Nacional derruba veto de Lula ao PL da Dosimetria e imp\u00f5e nova derrota ao Planalto - N7noticias<\/title>\n<meta name=\"robots\" content=\"index, follow, max-snippet:-1, max-image-preview:large, max-video-preview:-1\" \/>\n<link rel=\"canonical\" href=\"https:\/\/nat7noticias.com.br\/?p=3713\" \/>\n<meta property=\"og:locale\" content=\"pt_BR\" \/>\n<meta property=\"og:type\" content=\"article\" \/>\n<meta property=\"og:title\" content=\"Congresso Nacional derruba veto de Lula ao PL da Dosimetria e imp\u00f5e nova derrota ao Planalto - N7noticias\" \/>\n<meta property=\"og:description\" content=\"Com a derrubada do veto, o PL da Dosimetria passa a valer como uma das decis\u00f5es mais sens\u00edveis e controversas\" \/>\n<meta property=\"og:url\" content=\"https:\/\/nat7noticias.com.br\/?p=3713\" \/>\n<meta property=\"og:site_name\" content=\"N7noticias\" \/>\n<meta property=\"article:published_time\" content=\"2026-04-30T20:10:43+00:00\" \/>\n<meta property=\"og:image\" content=\"https:\/\/nat7noticias.com.br\/wp-content\/uploads\/2026\/04\/IMG-20260430-WA0046.jpg\" \/>\n\t<meta property=\"og:image:width\" content=\"840\" \/>\n\t<meta property=\"og:image:height\" content=\"590\" \/>\n\t<meta property=\"og:image:type\" content=\"image\/jpeg\" \/>\n<meta name=\"author\" content=\"Nadya Mayara\" \/>\n<meta name=\"twitter:card\" content=\"summary_large_image\" \/>\n<meta name=\"twitter:label1\" content=\"Escrito por\" \/>\n\t<meta name=\"twitter:data1\" content=\"Nadya Mayara\" \/>\n\t<meta name=\"twitter:label2\" content=\"Est. tempo de leitura\" \/>\n\t<meta name=\"twitter:data2\" content=\"3 minutos\" \/>\n<script type=\"application\/ld+json\" class=\"yoast-schema-graph\">{\"@context\":\"https:\/\/schema.org\",\"@graph\":[{\"@type\":\"Article\",\"@id\":\"https:\/\/nat7noticias.com.br\/?p=3713#article\",\"isPartOf\":{\"@id\":\"https:\/\/nat7noticias.com.br\/?p=3713\"},\"author\":{\"name\":\"Nadya Mayara\",\"@id\":\"https:\/\/nat7noticias.com.br\/#\/schema\/person\/690b027d93c852a6570e0bbc814a1cf0\"},\"headline\":\"Congresso Nacional derruba veto de Lula ao PL da Dosimetria e imp\u00f5e nova derrota ao Planalto\",\"datePublished\":\"2026-04-30T20:10:43+00:00\",\"mainEntityOfPage\":{\"@id\":\"https:\/\/nat7noticias.com.br\/?p=3713\"},\"wordCount\":393,\"commentCount\":0,\"publisher\":{\"@id\":\"https:\/\/nat7noticias.com.br\/#organization\"},\"image\":{\"@id\":\"https:\/\/nat7noticias.com.br\/?p=3713#primaryimage\"},\"thumbnailUrl\":\"https:\/\/nat7noticias.com.br\/wp-content\/uploads\/2026\/04\/IMG-20260430-WA0046.jpg\",\"articleSection\":[\"Pol\u00edtica\"],\"inLanguage\":\"pt-BR\",\"potentialAction\":[{\"@type\":\"CommentAction\",\"name\":\"Comment\",\"target\":[\"https:\/\/nat7noticias.com.br\/?p=3713#respond\"]}]},{\"@type\":\"WebPage\",\"@id\":\"https:\/\/nat7noticias.com.br\/?p=3713\",\"url\":\"https:\/\/nat7noticias.com.br\/?p=3713\",\"name\":\"Congresso Nacional derruba veto de Lula ao PL da Dosimetria e imp\u00f5e nova derrota ao Planalto - N7noticias\",\"isPartOf\":{\"@id\":\"https:\/\/nat7noticias.com.br\/#website\"},\"primaryImageOfPage\":{\"@id\":\"https:\/\/nat7noticias.com.br\/?p=3713#primaryimage\"},\"image\":{\"@id\":\"https:\/\/nat7noticias.com.br\/?p=3713#primaryimage\"},\"thumbnailUrl\":\"https:\/\/nat7noticias.com.br\/wp-content\/uploads\/2026\/04\/IMG-20260430-WA0046.jpg\",\"datePublished\":\"2026-04-30T20:10:43+00:00\",\"breadcrumb\":{\"@id\":\"https:\/\/nat7noticias.com.br\/?p=3713#breadcrumb\"},\"inLanguage\":\"pt-BR\",\"potentialAction\":[{\"@type\":\"ReadAction\",\"target\":[\"https:\/\/nat7noticias.com.br\/?p=3713\"]}]},{\"@type\":\"ImageObject\",\"inLanguage\":\"pt-BR\",\"@id\":\"https:\/\/nat7noticias.com.br\/?p=3713#primaryimage\",\"url\":\"https:\/\/nat7noticias.com.br\/wp-content\/uploads\/2026\/04\/IMG-20260430-WA0046.jpg\",\"contentUrl\":\"https:\/\/nat7noticias.com.br\/wp-content\/uploads\/2026\/04\/IMG-20260430-WA0046.jpg\",\"width\":840,\"height\":590},{\"@type\":\"BreadcrumbList\",\"@id\":\"https:\/\/nat7noticias.com.br\/?p=3713#breadcrumb\",\"itemListElement\":[{\"@type\":\"ListItem\",\"position\":1,\"name\":\"In\u00edcio\",\"item\":\"https:\/\/nat7noticias.com.br\/\"},{\"@type\":\"ListItem\",\"position\":2,\"name\":\"Congresso Nacional derruba veto de Lula ao PL da Dosimetria e imp\u00f5e nova derrota ao Planalto\"}]},{\"@type\":\"WebSite\",\"@id\":\"https:\/\/nat7noticias.com.br\/#website\",\"url\":\"https:\/\/nat7noticias.com.br\/\",\"name\":\"N7noticias\",\"description\":\"\",\"publisher\":{\"@id\":\"https:\/\/nat7noticias.com.br\/#organization\"},\"potentialAction\":[{\"@type\":\"SearchAction\",\"target\":{\"@type\":\"EntryPoint\",\"urlTemplate\":\"https:\/\/nat7noticias.com.br\/?s={search_term_string}\"},\"query-input\":{\"@type\":\"PropertyValueSpecification\",\"valueRequired\":true,\"valueName\":\"search_term_string\"}}],\"inLanguage\":\"pt-BR\"},{\"@type\":\"Organization\",\"@id\":\"https:\/\/nat7noticias.com.br\/#organization\",\"name\":\"N7noticias\",\"url\":\"https:\/\/nat7noticias.com.br\/\",\"logo\":{\"@type\":\"ImageObject\",\"inLanguage\":\"pt-BR\",\"@id\":\"https:\/\/nat7noticias.com.br\/#\/schema\/logo\/image\/\",\"url\":\"https:\/\/nat7noticias.com.br\/wp-content\/uploads\/2026\/05\/cropped-new-logo-220.png\",\"contentUrl\":\"https:\/\/nat7noticias.com.br\/wp-content\/uploads\/2026\/05\/cropped-new-logo-220.png\",\"width\":231,\"height\":49,\"caption\":\"N7noticias\"},\"image\":{\"@id\":\"https:\/\/nat7noticias.com.br\/#\/schema\/logo\/image\/\"}},{\"@type\":\"Person\",\"@id\":\"https:\/\/nat7noticias.com.br\/#\/schema\/person\/690b027d93c852a6570e0bbc814a1cf0\",\"name\":\"Nadya Mayara\",\"image\":{\"@type\":\"ImageObject\",\"inLanguage\":\"pt-BR\",\"@id\":\"https:\/\/nat7noticias.com.br\/#\/schema\/person\/image\/\",\"url\":\"https:\/\/secure.gravatar.com\/avatar\/5c1565ad13ab2510c4efdacf6de389ff?s=96&d=mm&r=g\",\"contentUrl\":\"https:\/\/secure.gravatar.com\/avatar\/5c1565ad13ab2510c4efdacf6de389ff?s=96&d=mm&r=g\",\"caption\":\"Nadya Mayara\"},\"sameAs\":[\"https:\/\/nat7noticias.com.br\/\"],\"url\":\"https:\/\/nat7noticias.com.br\/?author=2\"}]}<\/script>\n<!-- \/ Yoast SEO plugin. -->","yoast_head_json":{"title":"Congresso Nacional derruba veto de Lula ao PL da Dosimetria e imp\u00f5e nova derrota ao Planalto - N7noticias","robots":{"index":"index","follow":"follow","max-snippet":"max-snippet:-1","max-image-preview":"max-image-preview:large","max-video-preview":"max-video-preview:-1"},"canonical":"https:\/\/nat7noticias.com.br\/?p=3713","og_locale":"pt_BR","og_type":"article","og_title":"Congresso Nacional derruba veto de Lula ao PL da Dosimetria e imp\u00f5e nova derrota ao Planalto - N7noticias","og_description":"Com a derrubada do veto, o PL da Dosimetria passa a valer como uma das decis\u00f5es mais sens\u00edveis e controversas","og_url":"https:\/\/nat7noticias.com.br\/?p=3713","og_site_name":"N7noticias","article_published_time":"2026-04-30T20:10:43+00:00","og_image":[{"width":840,"height":590,"url":"https:\/\/nat7noticias.com.br\/wp-content\/uploads\/2026\/04\/IMG-20260430-WA0046.jpg","type":"image\/jpeg"}],"author":"Nadya Mayara","twitter_card":"summary_large_image","twitter_misc":{"Escrito por":"Nadya Mayara","Est. tempo de leitura":"3 minutos"},"schema":{"@context":"https:\/\/schema.org","@graph":[{"@type":"Article","@id":"https:\/\/nat7noticias.com.br\/?p=3713#article","isPartOf":{"@id":"https:\/\/nat7noticias.com.br\/?p=3713"},"author":{"name":"Nadya Mayara","@id":"https:\/\/nat7noticias.com.br\/#\/schema\/person\/690b027d93c852a6570e0bbc814a1cf0"},"headline":"Congresso Nacional derruba veto de Lula ao PL da Dosimetria e imp\u00f5e nova derrota ao Planalto","datePublished":"2026-04-30T20:10:43+00:00","mainEntityOfPage":{"@id":"https:\/\/nat7noticias.com.br\/?p=3713"},"wordCount":393,"commentCount":0,"publisher":{"@id":"https:\/\/nat7noticias.com.br\/#organization"},"image":{"@id":"https:\/\/nat7noticias.com.br\/?p=3713#primaryimage"},"thumbnailUrl":"https:\/\/nat7noticias.com.br\/wp-content\/uploads\/2026\/04\/IMG-20260430-WA0046.jpg","articleSection":["Pol\u00edtica"],"inLanguage":"pt-BR","potentialAction":[{"@type":"CommentAction","name":"Comment","target":["https:\/\/nat7noticias.com.br\/?p=3713#respond"]}]},{"@type":"WebPage","@id":"https:\/\/nat7noticias.com.br\/?p=3713","url":"https:\/\/nat7noticias.com.br\/?p=3713","name":"Congresso Nacional derruba veto de Lula ao PL da Dosimetria e imp\u00f5e nova derrota ao Planalto - N7noticias","isPartOf":{"@id":"https:\/\/nat7noticias.com.br\/#website"},"primaryImageOfPage":{"@id":"https:\/\/nat7noticias.com.br\/?p=3713#primaryimage"},"image":{"@id":"https:\/\/nat7noticias.com.br\/?p=3713#primaryimage"},"thumbnailUrl":"https:\/\/nat7noticias.com.br\/wp-content\/uploads\/2026\/04\/IMG-20260430-WA0046.jpg","datePublished":"2026-04-30T20:10:43+00:00","breadcrumb":{"@id":"https:\/\/nat7noticias.com.br\/?p=3713#breadcrumb"},"inLanguage":"pt-BR","potentialAction":[{"@type":"ReadAction","target":["https:\/\/nat7noticias.com.br\/?p=3713"]}]},{"@type":"ImageObject","inLanguage":"pt-BR","@id":"https:\/\/nat7noticias.com.br\/?p=3713#primaryimage","url":"https:\/\/nat7noticias.com.br\/wp-content\/uploads\/2026\/04\/IMG-20260430-WA0046.jpg","contentUrl":"https:\/\/nat7noticias.com.br\/wp-content\/uploads\/2026\/04\/IMG-20260430-WA0046.jpg","width":840,"height":590},{"@type":"BreadcrumbList","@id":"https:\/\/nat7noticias.com.br\/?p=3713#breadcrumb","itemListElement":[{"@type":"ListItem","position":1,"name":"In\u00edcio","item":"https:\/\/nat7noticias.com.br\/"},{"@type":"ListItem","position":2,"name":"Congresso Nacional derruba veto de Lula ao PL da Dosimetria e imp\u00f5e nova derrota ao Planalto"}]},{"@type":"WebSite","@id":"https:\/\/nat7noticias.com.br\/#website","url":"https:\/\/nat7noticias.com.br\/","name":"N7noticias","description":"","publisher":{"@id":"https:\/\/nat7noticias.com.br\/#organization"},"potentialAction":[{"@type":"SearchAction","target":{"@type":"EntryPoint","urlTemplate":"https:\/\/nat7noticias.com.br\/?s={search_term_string}"},"query-input":{"@type":"PropertyValueSpecification","valueRequired":true,"valueName":"search_term_string"}}],"inLanguage":"pt-BR"},{"@type":"Organization","@id":"https:\/\/nat7noticias.com.br\/#organization","name":"N7noticias","url":"https:\/\/nat7noticias.com.br\/","logo":{"@type":"ImageObject","inLanguage":"pt-BR","@id":"https:\/\/nat7noticias.com.br\/#\/schema\/logo\/image\/","url":"https:\/\/nat7noticias.com.br\/wp-content\/uploads\/2026\/05\/cropped-new-logo-220.png","contentUrl":"https:\/\/nat7noticias.com.br\/wp-content\/uploads\/2026\/05\/cropped-new-logo-220.png","width":231,"height":49,"caption":"N7noticias"},"image":{"@id":"https:\/\/nat7noticias.com.br\/#\/schema\/logo\/image\/"}},{"@type":"Person","@id":"https:\/\/nat7noticias.com.br\/#\/schema\/person\/690b027d93c852a6570e0bbc814a1cf0","name":"Nadya Mayara","image":{"@type":"ImageObject","inLanguage":"pt-BR","@id":"https:\/\/nat7noticias.com.br\/#\/schema\/person\/image\/","url":"https:\/\/secure.gravatar.com\/avatar\/5c1565ad13ab2510c4efdacf6de389ff?s=96&d=mm&r=g","contentUrl":"https:\/\/secure.gravatar.com\/avatar\/5c1565ad13ab2510c4efdacf6de389ff?s=96&d=mm&r=g","caption":"Nadya Mayara"},"sameAs":["https:\/\/nat7noticias.com.br\/"],"url":"https:\/\/nat7noticias.com.br\/?author=2"}]}},"_links":{"self":[{"href":"https:\/\/nat7noticias.com.br\/index.php?rest_route=\/wp\/v2\/posts\/3713","targetHints":{"allow":["GET"]}}],"collection":[{"href":"https:\/\/nat7noticias.com.br\/index.php?rest_route=\/wp\/v2\/posts"}],"about":[{"href":"https:\/\/nat7noticias.com.br\/index.php?rest_route=\/wp\/v2\/types\/post"}],"author":[{"embeddable":true,"href":"https:\/\/nat7noticias.com.br\/index.php?rest_route=\/wp\/v2\/users\/2"}],"replies":[{"embeddable":true,"href":"https:\/\/nat7noticias.com.br\/index.php?rest_route=%2Fwp%2Fv2%2Fcomments&post=3713"}],"version-history":[{"count":1,"href":"https:\/\/nat7noticias.com.br\/index.php?rest_route=\/wp\/v2\/posts\/3713\/revisions"}],"predecessor-version":[{"id":3715,"href":"https:\/\/nat7noticias.com.br\/index.php?rest_route=\/wp\/v2\/posts\/3713\/revisions\/3715"}],"wp:featuredmedia":[{"embeddable":true,"href":"https:\/\/nat7noticias.com.br\/index.php?rest_route=\/wp\/v2\/media\/3714"}],"wp:attachment":[{"href":"https:\/\/nat7noticias.com.br\/index.php?rest_route=%2Fwp%2Fv2%2Fmedia&parent=3713"}],"wp:term":[{"taxonomy":"category","embeddable":true,"href":"https:\/\/nat7noticias.com.br\/index.php?rest_route=%2Fwp%2Fv2%2Fcategories&post=3713"},{"taxonomy":"post_tag","embeddable":true,"href":"https:\/\/nat7noticias.com.br\/index.php?rest_route=%2Fwp%2Fv2%2Ftags&post=3713"}],"curies":[{"name":"wp","href":"https:\/\/api.w.org\/{rel}","templated":true}]}}