{"id":4248,"date":"2026-07-01T19:45:41","date_gmt":"2026-07-01T22:45:41","guid":{"rendered":"https:\/\/nat7noticias.com.br\/?p=4248"},"modified":"2026-07-02T10:56:47","modified_gmt":"2026-07-02T13:56:47","slug":"fernanda-ribeiro-mobiliza-engenharia-tocantinense-e-fortalece-movimento-por-um-crea-mais-unido","status":"publish","type":"post","link":"https:\/\/nat7noticias.com.br\/?p=4248","title":{"rendered":"Fernanda Ribeiro mobiliza engenharia tocantinense e fortalece movimento por um CREA mais unido"},"content":{"rendered":"\n<p>Encontro idealizado pela engenheira e empres\u00e1ria reuniu lideran\u00e7as da categoria e refor\u00e7ou a defesa de um CREA-TO mais forte, participativo e integrado.<\/p>\n\n\n\n<p>Mais do que promover um encontro entre profissionais, a engenheira civil e empres\u00e1ria Fernanda Ribeiro tem liderado um movimento em defesa da uni\u00e3o da engenharia tocantinense. Na noite desta ter\u00e7a-feira (30), ela reuniu engenheiros, lideran\u00e7as e representantes da categoria em um evento que evidenciou um novo momento de aproxima\u00e7\u00e3o entre os profissionais e refor\u00e7ou a import\u00e2ncia de um Conselho Regional de Engenharia e Agronomia do Tocantins (CREA-TO) cada vez mais forte e participativo.<\/p>\n\n\n\n<p>Filha de construtor, Fernanda cresceu acompanhando de perto o universo das obras, aprendendo desde cedo que nenhuma grande constru\u00e7\u00e3o se sustenta sem dedica\u00e7\u00e3o, responsabilidade e trabalho coletivo. Em 2025, realizou o sonho de se tornar engenheira civil, transformando em profiss\u00e3o uma voca\u00e7\u00e3o constru\u00edda ao longo da vida.<\/p>\n\n\n\n<p>Sua trajet\u00f3ria tamb\u00e9m \u00e9 marcada pela supera\u00e7\u00e3o. Vi\u00fava do empres\u00e1rio da constru\u00e7\u00e3o civil e ex-prefeito de Ponta Alta do Tocantins, Cleiton Maia, falecido em um tr\u00e1gico acidente a\u00e9reo, Fernanda encontrou na engenharia e no fortalecimento da categoria um novo prop\u00f3sito.<\/p>\n\n\n\n<p>Em vez de permanecer apenas como espectadora, decidiu contribuir ativamente para aproximar profissionais, incentivar o dialogo e construir um ambiente de maior integra\u00e7\u00e3o dentro do sistema CREA.<\/p>\n\n\n\n<p>O encontro, foi pensado justamente para estimular a troca de experi\u00eancias, fortalecer amizades profissionais e abrir espa\u00e7o para novas parcerias.<\/p>\n\n\n\n<p>A iniciativa tamb\u00e9m demonstra seu apoio \u00e0 chapa liderada pela engenheira Sueleide Pereira Monteiro para presidente do CREA-TO, Vinic\u00edus Marchese para presidente do Confea, professor Daniel para diretor geral da M\u00fatua, Cleonice Barbaresco para diretora administrativa da M\u00fatua e R\u00f4mulo Monteiro para diretor financeiro da M\u00fatua. baseada na convic\u00e7\u00e3o de que uma categoria forte se constr\u00f3i com participa\u00e7\u00e3o, di\u00e1logo e compromisso coletivo.<\/p>\n\n\n\n<p>O evento contou com a presen\u00e7a da idealizadora Fernanda Ribeiro, do professor M\u00e1rcio Silveira que \u00e9 atualmente docente pesquisador da Universidade Federal do Tocantins, do professor George Brito que \u00e9 coordenador do curso de engenharia da UFT, da engenheira Roberta Castro ex-presidente do CREA, do engenheiro Valdeci Elvis Corr\u00eaa engenheiro da Ageto, do engenheiro civil e professor Daniel Iglesias que \u00e9 candidato a diretoria geral da M\u00fatua, da engenheira Sueleide Pereira Monteiro, candidata a presid\u00eancia do CREA-TO.<\/p>\n\n\n\n<p>A participa\u00e7\u00e3o das lideran\u00e7as refor\u00e7ou a representatividade da iniciativa e evidenciou o compromisso coletivo com o fortalecimento da engenharia tocantinense, por meio do di\u00e1logo, da valoriza\u00e7\u00e3o profissional e da uni\u00e3o da categoria.<\/p>\n\n\n\n<p>Durante a abertura do encontro, Fernanda foi apresentada como uma mulher que escolheu continuar construindo n\u00e3o apenas obras, mas tamb\u00e9m conex\u00f5es e oportunidades para a engenharia tocantinense. A homenagem sintetizou o sentimento dos participantes, que reconheceram sua capacidade de transformar desafios em a\u00e7\u00f5es concretas voltadas ao fortalecimento da profiss\u00e3o e \u00e0 constru\u00e7\u00e3o de um CREA cada vez mais pr\u00f3ximo de seus profissionais.<\/p>\n\n\n\n<p><strong>Por: Nadya Mayara <\/strong><\/p>\n\n\n\n<p><strong>N7Not\u00edcias<\/strong><\/p>\n\n\n\n<figure class=\"wp-block-image size-large\"><img fetchpriority=\"high\" decoding=\"async\" width=\"1024\" height=\"682\" src=\"https:\/\/nat7noticias.com.br\/wp-content\/uploads\/2026\/07\/IMG-20260702-WA0096-1024x682.jpg\" alt=\"\" class=\"wp-image-4276\" srcset=\"https:\/\/nat7noticias.com.br\/wp-content\/uploads\/2026\/07\/IMG-20260702-WA0096-1024x682.jpg 1024w, https:\/\/nat7noticias.com.br\/wp-content\/uploads\/2026\/07\/IMG-20260702-WA0096-300x200.jpg 300w, https:\/\/nat7noticias.com.br\/wp-content\/uploads\/2026\/07\/IMG-20260702-WA0096-768x512.jpg 768w, https:\/\/nat7noticias.com.br\/wp-content\/uploads\/2026\/07\/IMG-20260702-WA0096.jpg 1280w\" sizes=\"(max-width: 1024px) 100vw, 1024px\" \/><figcaption class=\"wp-element-caption\">Foto: Mateus Da Silva Magalh\u00e3es<\/figcaption><\/figure>\n\n\n\n<figure class=\"wp-block-image size-large\"><img decoding=\"async\" width=\"682\" height=\"1024\" src=\"https:\/\/nat7noticias.com.br\/wp-content\/uploads\/2026\/07\/IMG-20260702-WA0094-682x1024.jpg\" alt=\"\" class=\"wp-image-4277\" srcset=\"https:\/\/nat7noticias.com.br\/wp-content\/uploads\/2026\/07\/IMG-20260702-WA0094-682x1024.jpg 682w, https:\/\/nat7noticias.com.br\/wp-content\/uploads\/2026\/07\/IMG-20260702-WA0094-200x300.jpg 200w, https:\/\/nat7noticias.com.br\/wp-content\/uploads\/2026\/07\/IMG-20260702-WA0094-768x1152.jpg 768w, https:\/\/nat7noticias.com.br\/wp-content\/uploads\/2026\/07\/IMG-20260702-WA0094.jpg 853w\" sizes=\"(max-width: 682px) 100vw, 682px\" \/><figcaption class=\"wp-element-caption\">Foto: Mateus Da Silva Magalh\u00e3es<\/figcaption><\/figure>\n\n\n\n<figure class=\"wp-block-image size-large\"><img decoding=\"async\" width=\"1024\" height=\"682\" src=\"https:\/\/nat7noticias.com.br\/wp-content\/uploads\/2026\/07\/IMG-20260701-WA0097-1024x682.jpg\" alt=\"\" class=\"wp-image-4253\" srcset=\"https:\/\/nat7noticias.com.br\/wp-content\/uploads\/2026\/07\/IMG-20260701-WA0097-1024x682.jpg 1024w, https:\/\/nat7noticias.com.br\/wp-content\/uploads\/2026\/07\/IMG-20260701-WA0097-300x200.jpg 300w, https:\/\/nat7noticias.com.br\/wp-content\/uploads\/2026\/07\/IMG-20260701-WA0097-768x512.jpg 768w, https:\/\/nat7noticias.com.br\/wp-content\/uploads\/2026\/07\/IMG-20260701-WA0097-1536x1023.jpg 1536w, https:\/\/nat7noticias.com.br\/wp-content\/uploads\/2026\/07\/IMG-20260701-WA0097.jpg 1600w\" sizes=\"(max-width: 1024px) 100vw, 1024px\" \/><figcaption class=\"wp-element-caption\">Foto: Mateus Da Silva Magalh\u00e3es<\/figcaption><\/figure>\n\n\n\n<figure class=\"wp-block-image size-large\"><img loading=\"lazy\" decoding=\"async\" width=\"769\" height=\"1024\" src=\"https:\/\/nat7noticias.com.br\/wp-content\/uploads\/2026\/07\/IMG-20260702-WA0031-769x1024.jpg\" alt=\"\" class=\"wp-image-4265\" srcset=\"https:\/\/nat7noticias.com.br\/wp-content\/uploads\/2026\/07\/IMG-20260702-WA0031-769x1024.jpg 769w, https:\/\/nat7noticias.com.br\/wp-content\/uploads\/2026\/07\/IMG-20260702-WA0031-225x300.jpg 225w, https:\/\/nat7noticias.com.br\/wp-content\/uploads\/2026\/07\/IMG-20260702-WA0031-768x1022.jpg 768w, https:\/\/nat7noticias.com.br\/wp-content\/uploads\/2026\/07\/IMG-20260702-WA0031-1154x1536.jpg 1154w, https:\/\/nat7noticias.com.br\/wp-content\/uploads\/2026\/07\/IMG-20260702-WA0031.jpg 1202w\" sizes=\"(max-width: 769px) 100vw, 769px\" \/><figcaption class=\"wp-element-caption\">Foto: Mateus da Silva Magalh\u00e3es <\/figcaption><\/figure>\n","protected":false},"excerpt":{"rendered":"<p>Encontro idealizado pela engenheira e empres\u00e1ria reuniu lideran\u00e7as da categoria e refor\u00e7ou a defesa de um CREA-TO mais forte, participativo<\/p>\n","protected":false},"author":2,"featured_media":4257,"comment_status":"open","ping_status":"open","sticky":false,"template":"","format":"standard","meta":{"footnotes":""},"categories":[13],"tags":[],"class_list":["post-4248","post","type-post","status-publish","format-standard","has-post-thumbnail","hentry","category-news"],"yoast_head":"<!-- This site is optimized with the Yoast SEO plugin v26.8 - https:\/\/yoast.com\/product\/yoast-seo-wordpress\/ -->\n<title>Fernanda Ribeiro mobiliza engenharia tocantinense e fortalece movimento por um CREA mais unido - N7noticias<\/title>\n<meta name=\"robots\" content=\"index, follow, max-snippet:-1, max-image-preview:large, max-video-preview:-1\" \/>\n<link rel=\"canonical\" href=\"https:\/\/nat7noticias.com.br\/?p=4248\" \/>\n<meta property=\"og:locale\" content=\"pt_BR\" \/>\n<meta property=\"og:type\" content=\"article\" \/>\n<meta property=\"og:title\" content=\"Fernanda Ribeiro mobiliza engenharia tocantinense e fortalece movimento por um CREA mais unido - N7noticias\" \/>\n<meta property=\"og:description\" content=\"Encontro idealizado pela engenheira e empres\u00e1ria reuniu lideran\u00e7as da categoria e refor\u00e7ou a defesa de um CREA-TO mais forte, participativo\" \/>\n<meta property=\"og:url\" content=\"https:\/\/nat7noticias.com.br\/?p=4248\" \/>\n<meta property=\"og:site_name\" content=\"N7noticias\" \/>\n<meta property=\"article:published_time\" content=\"2026-07-01T22:45:41+00:00\" \/>\n<meta property=\"article:modified_time\" content=\"2026-07-02T13:56:47+00:00\" \/>\n<meta property=\"og:image\" content=\"https:\/\/nat7noticias.com.br\/wp-content\/uploads\/2026\/07\/IMG-20260701-WA0091-1.jpg\" \/>\n\t<meta property=\"og:image:width\" content=\"1066\" \/>\n\t<meta property=\"og:image:height\" content=\"1600\" \/>\n\t<meta property=\"og:image:type\" content=\"image\/jpeg\" \/>\n<meta name=\"author\" content=\"Nadya Mayara\" \/>\n<meta name=\"twitter:card\" content=\"summary_large_image\" \/>\n<meta name=\"twitter:label1\" content=\"Escrito por\" \/>\n\t<meta name=\"twitter:data1\" content=\"Nadya Mayara\" \/>\n\t<meta name=\"twitter:label2\" content=\"Est. tempo de leitura\" \/>\n\t<meta name=\"twitter:data2\" content=\"4 minutos\" \/>\n<script type=\"application\/ld+json\" class=\"yoast-schema-graph\">{\"@context\":\"https:\/\/schema.org\",\"@graph\":[{\"@type\":\"Article\",\"@id\":\"https:\/\/nat7noticias.com.br\/?p=4248#article\",\"isPartOf\":{\"@id\":\"https:\/\/nat7noticias.com.br\/?p=4248\"},\"author\":{\"name\":\"Nadya Mayara\",\"@id\":\"https:\/\/nat7noticias.com.br\/#\/schema\/person\/690b027d93c852a6570e0bbc814a1cf0\"},\"headline\":\"Fernanda Ribeiro mobiliza engenharia tocantinense e fortalece movimento por um CREA mais unido\",\"datePublished\":\"2026-07-01T22:45:41+00:00\",\"dateModified\":\"2026-07-02T13:56:47+00:00\",\"mainEntityOfPage\":{\"@id\":\"https:\/\/nat7noticias.com.br\/?p=4248\"},\"wordCount\":552,\"commentCount\":0,\"publisher\":{\"@id\":\"https:\/\/nat7noticias.com.br\/#organization\"},\"image\":{\"@id\":\"https:\/\/nat7noticias.com.br\/?p=4248#primaryimage\"},\"thumbnailUrl\":\"https:\/\/nat7noticias.com.br\/wp-content\/uploads\/2026\/07\/IMG-20260701-WA0091-1.jpg\",\"articleSection\":[\"News\"],\"inLanguage\":\"pt-BR\",\"potentialAction\":[{\"@type\":\"CommentAction\",\"name\":\"Comment\",\"target\":[\"https:\/\/nat7noticias.com.br\/?p=4248#respond\"]}]},{\"@type\":\"WebPage\",\"@id\":\"https:\/\/nat7noticias.com.br\/?p=4248\",\"url\":\"https:\/\/nat7noticias.com.br\/?p=4248\",\"name\":\"Fernanda Ribeiro mobiliza engenharia tocantinense e fortalece movimento por um CREA mais unido - N7noticias\",\"isPartOf\":{\"@id\":\"https:\/\/nat7noticias.com.br\/#website\"},\"primaryImageOfPage\":{\"@id\":\"https:\/\/nat7noticias.com.br\/?p=4248#primaryimage\"},\"image\":{\"@id\":\"https:\/\/nat7noticias.com.br\/?p=4248#primaryimage\"},\"thumbnailUrl\":\"https:\/\/nat7noticias.com.br\/wp-content\/uploads\/2026\/07\/IMG-20260701-WA0091-1.jpg\",\"datePublished\":\"2026-07-01T22:45:41+00:00\",\"dateModified\":\"2026-07-02T13:56:47+00:00\",\"breadcrumb\":{\"@id\":\"https:\/\/nat7noticias.com.br\/?p=4248#breadcrumb\"},\"inLanguage\":\"pt-BR\",\"potentialAction\":[{\"@type\":\"ReadAction\",\"target\":[\"https:\/\/nat7noticias.com.br\/?p=4248\"]}]},{\"@type\":\"ImageObject\",\"inLanguage\":\"pt-BR\",\"@id\":\"https:\/\/nat7noticias.com.br\/?p=4248#primaryimage\",\"url\":\"https:\/\/nat7noticias.com.br\/wp-content\/uploads\/2026\/07\/IMG-20260701-WA0091-1.jpg\",\"contentUrl\":\"https:\/\/nat7noticias.com.br\/wp-content\/uploads\/2026\/07\/IMG-20260701-WA0091-1.jpg\",\"width\":1066,\"height\":1600},{\"@type\":\"BreadcrumbList\",\"@id\":\"https:\/\/nat7noticias.com.br\/?p=4248#breadcrumb\",\"itemListElement\":[{\"@type\":\"ListItem\",\"position\":1,\"name\":\"In\u00edcio\",\"item\":\"https:\/\/nat7noticias.com.br\/\"},{\"@type\":\"ListItem\",\"position\":2,\"name\":\"Fernanda Ribeiro mobiliza engenharia tocantinense e fortalece movimento por um CREA mais unido\"}]},{\"@type\":\"WebSite\",\"@id\":\"https:\/\/nat7noticias.com.br\/#website\",\"url\":\"https:\/\/nat7noticias.com.br\/\",\"name\":\"N7noticias\",\"description\":\"\",\"publisher\":{\"@id\":\"https:\/\/nat7noticias.com.br\/#organization\"},\"potentialAction\":[{\"@type\":\"SearchAction\",\"target\":{\"@type\":\"EntryPoint\",\"urlTemplate\":\"https:\/\/nat7noticias.com.br\/?s={search_term_string}\"},\"query-input\":{\"@type\":\"PropertyValueSpecification\",\"valueRequired\":true,\"valueName\":\"search_term_string\"}}],\"inLanguage\":\"pt-BR\"},{\"@type\":\"Organization\",\"@id\":\"https:\/\/nat7noticias.com.br\/#organization\",\"name\":\"N7noticias\",\"url\":\"https:\/\/nat7noticias.com.br\/\",\"logo\":{\"@type\":\"ImageObject\",\"inLanguage\":\"pt-BR\",\"@id\":\"https:\/\/nat7noticias.com.br\/#\/schema\/logo\/image\/\",\"url\":\"https:\/\/nat7noticias.com.br\/wp-content\/uploads\/2026\/05\/cropped-new-logo-220.png\",\"contentUrl\":\"https:\/\/nat7noticias.com.br\/wp-content\/uploads\/2026\/05\/cropped-new-logo-220.png\",\"width\":231,\"height\":49,\"caption\":\"N7noticias\"},\"image\":{\"@id\":\"https:\/\/nat7noticias.com.br\/#\/schema\/logo\/image\/\"}},{\"@type\":\"Person\",\"@id\":\"https:\/\/nat7noticias.com.br\/#\/schema\/person\/690b027d93c852a6570e0bbc814a1cf0\",\"name\":\"Nadya Mayara\",\"image\":{\"@type\":\"ImageObject\",\"inLanguage\":\"pt-BR\",\"@id\":\"https:\/\/nat7noticias.com.br\/#\/schema\/person\/image\/\",\"url\":\"https:\/\/secure.gravatar.com\/avatar\/5c1565ad13ab2510c4efdacf6de389ff?s=96&d=mm&r=g\",\"contentUrl\":\"https:\/\/secure.gravatar.com\/avatar\/5c1565ad13ab2510c4efdacf6de389ff?s=96&d=mm&r=g\",\"caption\":\"Nadya Mayara\"},\"sameAs\":[\"https:\/\/nat7noticias.com.br\/\"],\"url\":\"https:\/\/nat7noticias.com.br\/?author=2\"}]}<\/script>\n<!-- \/ Yoast SEO plugin. -->","yoast_head_json":{"title":"Fernanda Ribeiro mobiliza engenharia tocantinense e fortalece movimento por um CREA mais unido - N7noticias","robots":{"index":"index","follow":"follow","max-snippet":"max-snippet:-1","max-image-preview":"max-image-preview:large","max-video-preview":"max-video-preview:-1"},"canonical":"https:\/\/nat7noticias.com.br\/?p=4248","og_locale":"pt_BR","og_type":"article","og_title":"Fernanda Ribeiro mobiliza engenharia tocantinense e fortalece movimento por um CREA mais unido - N7noticias","og_description":"Encontro idealizado pela engenheira e empres\u00e1ria reuniu lideran\u00e7as da categoria e refor\u00e7ou a defesa de um CREA-TO mais forte, participativo","og_url":"https:\/\/nat7noticias.com.br\/?p=4248","og_site_name":"N7noticias","article_published_time":"2026-07-01T22:45:41+00:00","article_modified_time":"2026-07-02T13:56:47+00:00","og_image":[{"width":1066,"height":1600,"url":"https:\/\/nat7noticias.com.br\/wp-content\/uploads\/2026\/07\/IMG-20260701-WA0091-1.jpg","type":"image\/jpeg"}],"author":"Nadya Mayara","twitter_card":"summary_large_image","twitter_misc":{"Escrito por":"Nadya Mayara","Est. tempo de leitura":"4 minutos"},"schema":{"@context":"https:\/\/schema.org","@graph":[{"@type":"Article","@id":"https:\/\/nat7noticias.com.br\/?p=4248#article","isPartOf":{"@id":"https:\/\/nat7noticias.com.br\/?p=4248"},"author":{"name":"Nadya Mayara","@id":"https:\/\/nat7noticias.com.br\/#\/schema\/person\/690b027d93c852a6570e0bbc814a1cf0"},"headline":"Fernanda Ribeiro mobiliza engenharia tocantinense e fortalece movimento por um CREA mais unido","datePublished":"2026-07-01T22:45:41+00:00","dateModified":"2026-07-02T13:56:47+00:00","mainEntityOfPage":{"@id":"https:\/\/nat7noticias.com.br\/?p=4248"},"wordCount":552,"commentCount":0,"publisher":{"@id":"https:\/\/nat7noticias.com.br\/#organization"},"image":{"@id":"https:\/\/nat7noticias.com.br\/?p=4248#primaryimage"},"thumbnailUrl":"https:\/\/nat7noticias.com.br\/wp-content\/uploads\/2026\/07\/IMG-20260701-WA0091-1.jpg","articleSection":["News"],"inLanguage":"pt-BR","potentialAction":[{"@type":"CommentAction","name":"Comment","target":["https:\/\/nat7noticias.com.br\/?p=4248#respond"]}]},{"@type":"WebPage","@id":"https:\/\/nat7noticias.com.br\/?p=4248","url":"https:\/\/nat7noticias.com.br\/?p=4248","name":"Fernanda Ribeiro mobiliza engenharia tocantinense e fortalece movimento por um CREA mais unido - N7noticias","isPartOf":{"@id":"https:\/\/nat7noticias.com.br\/#website"},"primaryImageOfPage":{"@id":"https:\/\/nat7noticias.com.br\/?p=4248#primaryimage"},"image":{"@id":"https:\/\/nat7noticias.com.br\/?p=4248#primaryimage"},"thumbnailUrl":"https:\/\/nat7noticias.com.br\/wp-content\/uploads\/2026\/07\/IMG-20260701-WA0091-1.jpg","datePublished":"2026-07-01T22:45:41+00:00","dateModified":"2026-07-02T13:56:47+00:00","breadcrumb":{"@id":"https:\/\/nat7noticias.com.br\/?p=4248#breadcrumb"},"inLanguage":"pt-BR","potentialAction":[{"@type":"ReadAction","target":["https:\/\/nat7noticias.com.br\/?p=4248"]}]},{"@type":"ImageObject","inLanguage":"pt-BR","@id":"https:\/\/nat7noticias.com.br\/?p=4248#primaryimage","url":"https:\/\/nat7noticias.com.br\/wp-content\/uploads\/2026\/07\/IMG-20260701-WA0091-1.jpg","contentUrl":"https:\/\/nat7noticias.com.br\/wp-content\/uploads\/2026\/07\/IMG-20260701-WA0091-1.jpg","width":1066,"height":1600},{"@type":"BreadcrumbList","@id":"https:\/\/nat7noticias.com.br\/?p=4248#breadcrumb","itemListElement":[{"@type":"ListItem","position":1,"name":"In\u00edcio","item":"https:\/\/nat7noticias.com.br\/"},{"@type":"ListItem","position":2,"name":"Fernanda Ribeiro mobiliza engenharia tocantinense e fortalece movimento por um CREA mais unido"}]},{"@type":"WebSite","@id":"https:\/\/nat7noticias.com.br\/#website","url":"https:\/\/nat7noticias.com.br\/","name":"N7noticias","description":"","publisher":{"@id":"https:\/\/nat7noticias.com.br\/#organization"},"potentialAction":[{"@type":"SearchAction","target":{"@type":"EntryPoint","urlTemplate":"https:\/\/nat7noticias.com.br\/?s={search_term_string}"},"query-input":{"@type":"PropertyValueSpecification","valueRequired":true,"valueName":"search_term_string"}}],"inLanguage":"pt-BR"},{"@type":"Organization","@id":"https:\/\/nat7noticias.com.br\/#organization","name":"N7noticias","url":"https:\/\/nat7noticias.com.br\/","logo":{"@type":"ImageObject","inLanguage":"pt-BR","@id":"https:\/\/nat7noticias.com.br\/#\/schema\/logo\/image\/","url":"https:\/\/nat7noticias.com.br\/wp-content\/uploads\/2026\/05\/cropped-new-logo-220.png","contentUrl":"https:\/\/nat7noticias.com.br\/wp-content\/uploads\/2026\/05\/cropped-new-logo-220.png","width":231,"height":49,"caption":"N7noticias"},"image":{"@id":"https:\/\/nat7noticias.com.br\/#\/schema\/logo\/image\/"}},{"@type":"Person","@id":"https:\/\/nat7noticias.com.br\/#\/schema\/person\/690b027d93c852a6570e0bbc814a1cf0","name":"Nadya Mayara","image":{"@type":"ImageObject","inLanguage":"pt-BR","@id":"https:\/\/nat7noticias.com.br\/#\/schema\/person\/image\/","url":"https:\/\/secure.gravatar.com\/avatar\/5c1565ad13ab2510c4efdacf6de389ff?s=96&d=mm&r=g","contentUrl":"https:\/\/secure.gravatar.com\/avatar\/5c1565ad13ab2510c4efdacf6de389ff?s=96&d=mm&r=g","caption":"Nadya Mayara"},"sameAs":["https:\/\/nat7noticias.com.br\/"],"url":"https:\/\/nat7noticias.com.br\/?author=2"}]}},"_links":{"self":[{"href":"https:\/\/nat7noticias.com.br\/index.php?rest_route=\/wp\/v2\/posts\/4248","targetHints":{"allow":["GET"]}}],"collection":[{"href":"https:\/\/nat7noticias.com.br\/index.php?rest_route=\/wp\/v2\/posts"}],"about":[{"href":"https:\/\/nat7noticias.com.br\/index.php?rest_route=\/wp\/v2\/types\/post"}],"author":[{"embeddable":true,"href":"https:\/\/nat7noticias.com.br\/index.php?rest_route=\/wp\/v2\/users\/2"}],"replies":[{"embeddable":true,"href":"https:\/\/nat7noticias.com.br\/index.php?rest_route=%2Fwp%2Fv2%2Fcomments&post=4248"}],"version-history":[{"count":12,"href":"https:\/\/nat7noticias.com.br\/index.php?rest_route=\/wp\/v2\/posts\/4248\/revisions"}],"predecessor-version":[{"id":4278,"href":"https:\/\/nat7noticias.com.br\/index.php?rest_route=\/wp\/v2\/posts\/4248\/revisions\/4278"}],"wp:featuredmedia":[{"embeddable":true,"href":"https:\/\/nat7noticias.com.br\/index.php?rest_route=\/wp\/v2\/media\/4257"}],"wp:attachment":[{"href":"https:\/\/nat7noticias.com.br\/index.php?rest_route=%2Fwp%2Fv2%2Fmedia&parent=4248"}],"wp:term":[{"taxonomy":"category","embeddable":true,"href":"https:\/\/nat7noticias.com.br\/index.php?rest_route=%2Fwp%2Fv2%2Fcategories&post=4248"},{"taxonomy":"post_tag","embeddable":true,"href":"https:\/\/nat7noticias.com.br\/index.php?rest_route=%2Fwp%2Fv2%2Ftags&post=4248"}],"curies":[{"name":"wp","href":"https:\/\/api.w.org\/{rel}","templated":true}]}}