{"id":4448,"date":"2026-08-03T09:36:17","date_gmt":"2026-08-03T12:36:17","guid":{"rendered":"https:\/\/nat7noticias.com.br\/?p=4448"},"modified":"2026-08-03T09:36:17","modified_gmt":"2026-08-03T12:36:17","slug":"4448","status":"publish","type":"post","link":"https:\/\/nat7noticias.com.br\/?p=4448","title":{"rendered":""},"content":{"rendered":"\n<p>Clima de confian\u00e7a marca prepara\u00e7\u00e3o da Federa\u00e7\u00e3o Renova\u00e7\u00e3o Solid\u00e1ria para conven\u00e7\u00e3o do dia 5 de agosto<\/p>\n\n\n\n<p>Conven\u00e7\u00e3o estadual da federa\u00e7\u00e3o, formada por PRD e Solidariedade, acontece na pr\u00f3xima quarta-feira e deve oficializar candidaturas, fortalecer alian\u00e7as e marcar o in\u00edcio de uma nova etapa da disputa eleitoral.<\/p>\n\n\n\n<p>A poucos dias da conven\u00e7\u00e3o estadual, marcada para o dia 5 de agosto, a expectativa \u00e9 de grande mobiliza\u00e7\u00e3o entre os integrantes da Federa\u00e7\u00e3o Renova\u00e7\u00e3o Solid\u00e1ria, composta pelos partidos PRD e Solidariedade. O encontro representa um dos momentos mais importantes do calend\u00e1rio eleitoral, reunindo lideran\u00e7as, filiados, pr\u00e9-candidatos e apoiadores para oficializar as candidaturas da federa\u00e7\u00e3o e consolidar o projeto pol\u00edtico para as elei\u00e7\u00f5es de 2026.<\/p>\n\n\n\n<p>Al\u00e9m da conven\u00e7\u00e3o da federa\u00e7\u00e3o, o evento tamb\u00e9m ser\u00e1 marcado pela participa\u00e7\u00e3o na conven\u00e7\u00e3o da candidata ao Governo do Tocantins, Professora Dorinha Seabra Rezende, nome apoiado pelo grupo na disputa pelo Pal\u00e1cio Araguaia. A expectativa \u00e9 de um ato pol\u00edtico de grande representatividade, reunindo lideran\u00e7as de diferentes regi\u00f5es do estado em torno da constru\u00e7\u00e3o de uma chapa competitiva.<\/p>\n\n\n\n<p>Nos bastidores, o clima \u00e9 de confian\u00e7a e entusiasmo. Os pr\u00e9-candidatos da Federa\u00e7\u00e3o Renova\u00e7\u00e3o Solid\u00e1ria intensificaram as articula\u00e7\u00f5es nas \u00faltimas semanas e chegam ao momento da conven\u00e7\u00e3o fortalecidos pelo di\u00e1logo com lideran\u00e7as municipais, representantes de diversos segmentos e apoiadores que acreditam na renova\u00e7\u00e3o da pol\u00edtica tocantinense.<\/p>\n\n\n\n<p>Dirigentes da federa\u00e7\u00e3o destacam que o encontro simboliza mais do que a formaliza\u00e7\u00e3o das candidaturas. A conven\u00e7\u00e3o marca o fortalecimento da uni\u00e3o entre PRD e Solidariedade, consolidando uma alian\u00e7a constru\u00edda em torno de propostas voltadas ao desenvolvimento do Tocantins, \u00e0 gera\u00e7\u00e3o de oportunidades e ao fortalecimento dos munic\u00edpios.<\/p>\n\n\n\n<p>Com a oficializa\u00e7\u00e3o das candidaturas, a Federa\u00e7\u00e3o Renova\u00e7\u00e3o Solid\u00e1ria inicia uma nova etapa da caminhada eleitoral, apostando na uni\u00e3o de suas lideran\u00e7as e na for\u00e7a de seus candidatos para ampliar a representatividade na Assembleia Legislativa, na C\u00e2mara dos Deputados e contribuir com o projeto liderado por Professora Dorinha para o Governo do Estado.<\/p>\n\n\n\n<p>A expectativa \u00e9 de que a conven\u00e7\u00e3o re\u00fana um grande p\u00fablico e demonstre a capacidade de mobiliza\u00e7\u00e3o da federa\u00e7\u00e3o, dando o tom da campanha que se inicia oficialmente ap\u00f3s o encerramento das conven\u00e7\u00f5es partid\u00e1rias. O sentimento entre os participantes \u00e9 de otimismo e confian\u00e7a em um projeto que busca apresentar novas alternativas para o futuro do Tocantins.<\/p>\n\n\n\n<p>Por: Nadya Mayara <\/p>\n\n\n\n<p>N7NOT\u00cdCIAS <\/p>\n","protected":false},"excerpt":{"rendered":"<p>Clima de confian\u00e7a marca prepara\u00e7\u00e3o da Federa\u00e7\u00e3o Renova\u00e7\u00e3o Solid\u00e1ria para conven\u00e7\u00e3o do dia 5 de agosto Conven\u00e7\u00e3o estadual da federa\u00e7\u00e3o,<\/p>\n","protected":false},"author":2,"featured_media":4449,"comment_status":"open","ping_status":"open","sticky":false,"template":"","format":"standard","meta":{"footnotes":""},"categories":[14],"tags":[],"class_list":["post-4448","post","type-post","status-publish","format-standard","has-post-thumbnail","hentry","category-politics"],"yoast_head":"<!-- This site is optimized with the Yoast SEO plugin v26.8 - https:\/\/yoast.com\/product\/yoast-seo-wordpress\/ -->\n<title>- N7noticias<\/title>\n<meta name=\"robots\" content=\"index, follow, max-snippet:-1, max-image-preview:large, max-video-preview:-1\" \/>\n<link rel=\"canonical\" href=\"https:\/\/nat7noticias.com.br\/?p=4448\" \/>\n<meta property=\"og:locale\" content=\"pt_BR\" \/>\n<meta property=\"og:type\" content=\"article\" \/>\n<meta property=\"og:title\" content=\"- N7noticias\" \/>\n<meta property=\"og:description\" content=\"Clima de confian\u00e7a marca prepara\u00e7\u00e3o da Federa\u00e7\u00e3o Renova\u00e7\u00e3o Solid\u00e1ria para conven\u00e7\u00e3o do dia 5 de agosto Conven\u00e7\u00e3o estadual da federa\u00e7\u00e3o,\" \/>\n<meta property=\"og:url\" content=\"https:\/\/nat7noticias.com.br\/?p=4448\" \/>\n<meta property=\"og:site_name\" content=\"N7noticias\" \/>\n<meta property=\"article:published_time\" content=\"2026-08-03T12:36:17+00:00\" \/>\n<meta property=\"og:image\" content=\"https:\/\/nat7noticias.com.br\/wp-content\/uploads\/2026\/08\/IMG-20260803-WA0014.jpg\" \/>\n\t<meta property=\"og:image:width\" content=\"1600\" \/>\n\t<meta property=\"og:image:height\" content=\"1200\" \/>\n\t<meta property=\"og:image:type\" content=\"image\/jpeg\" \/>\n<meta name=\"author\" content=\"Nadya Mayara\" \/>\n<meta name=\"twitter:card\" content=\"summary_large_image\" \/>\n<meta name=\"twitter:label1\" content=\"Escrito por\" \/>\n\t<meta name=\"twitter:data1\" content=\"Nadya Mayara\" \/>\n\t<meta name=\"twitter:label2\" content=\"Est. tempo de leitura\" \/>\n\t<meta name=\"twitter:data2\" content=\"3 minutos\" \/>\n<script type=\"application\/ld+json\" class=\"yoast-schema-graph\">{\"@context\":\"https:\/\/schema.org\",\"@graph\":[{\"@type\":\"Article\",\"@id\":\"https:\/\/nat7noticias.com.br\/?p=4448#article\",\"isPartOf\":{\"@id\":\"https:\/\/nat7noticias.com.br\/?p=4448\"},\"author\":{\"name\":\"Nadya Mayara\",\"@id\":\"https:\/\/nat7noticias.com.br\/#\/schema\/person\/690b027d93c852a6570e0bbc814a1cf0\"},\"headline\":\"Sem t\u00edtulo\",\"datePublished\":\"2026-08-03T12:36:17+00:00\",\"mainEntityOfPage\":{\"@id\":\"https:\/\/nat7noticias.com.br\/?p=4448\"},\"wordCount\":439,\"commentCount\":0,\"publisher\":{\"@id\":\"https:\/\/nat7noticias.com.br\/#organization\"},\"image\":{\"@id\":\"https:\/\/nat7noticias.com.br\/?p=4448#primaryimage\"},\"thumbnailUrl\":\"https:\/\/nat7noticias.com.br\/wp-content\/uploads\/2026\/08\/IMG-20260803-WA0014.jpg\",\"articleSection\":[\"Pol\u00edtica\"],\"inLanguage\":\"pt-BR\",\"potentialAction\":[{\"@type\":\"CommentAction\",\"name\":\"Comment\",\"target\":[\"https:\/\/nat7noticias.com.br\/?p=4448#respond\"]}]},{\"@type\":\"WebPage\",\"@id\":\"https:\/\/nat7noticias.com.br\/?p=4448\",\"url\":\"https:\/\/nat7noticias.com.br\/?p=4448\",\"name\":\"- N7noticias\",\"isPartOf\":{\"@id\":\"https:\/\/nat7noticias.com.br\/#website\"},\"primaryImageOfPage\":{\"@id\":\"https:\/\/nat7noticias.com.br\/?p=4448#primaryimage\"},\"image\":{\"@id\":\"https:\/\/nat7noticias.com.br\/?p=4448#primaryimage\"},\"thumbnailUrl\":\"https:\/\/nat7noticias.com.br\/wp-content\/uploads\/2026\/08\/IMG-20260803-WA0014.jpg\",\"datePublished\":\"2026-08-03T12:36:17+00:00\",\"inLanguage\":\"pt-BR\",\"potentialAction\":[{\"@type\":\"ReadAction\",\"target\":[\"https:\/\/nat7noticias.com.br\/?p=4448\"]}]},{\"@type\":\"ImageObject\",\"inLanguage\":\"pt-BR\",\"@id\":\"https:\/\/nat7noticias.com.br\/?p=4448#primaryimage\",\"url\":\"https:\/\/nat7noticias.com.br\/wp-content\/uploads\/2026\/08\/IMG-20260803-WA0014.jpg\",\"contentUrl\":\"https:\/\/nat7noticias.com.br\/wp-content\/uploads\/2026\/08\/IMG-20260803-WA0014.jpg\",\"width\":1600,\"height\":1200},{\"@type\":\"WebSite\",\"@id\":\"https:\/\/nat7noticias.com.br\/#website\",\"url\":\"https:\/\/nat7noticias.com.br\/\",\"name\":\"N7noticias\",\"description\":\"\",\"publisher\":{\"@id\":\"https:\/\/nat7noticias.com.br\/#organization\"},\"potentialAction\":[{\"@type\":\"SearchAction\",\"target\":{\"@type\":\"EntryPoint\",\"urlTemplate\":\"https:\/\/nat7noticias.com.br\/?s={search_term_string}\"},\"query-input\":{\"@type\":\"PropertyValueSpecification\",\"valueRequired\":true,\"valueName\":\"search_term_string\"}}],\"inLanguage\":\"pt-BR\"},{\"@type\":\"Organization\",\"@id\":\"https:\/\/nat7noticias.com.br\/#organization\",\"name\":\"N7noticias\",\"url\":\"https:\/\/nat7noticias.com.br\/\",\"logo\":{\"@type\":\"ImageObject\",\"inLanguage\":\"pt-BR\",\"@id\":\"https:\/\/nat7noticias.com.br\/#\/schema\/logo\/image\/\",\"url\":\"https:\/\/nat7noticias.com.br\/wp-content\/uploads\/2026\/05\/cropped-new-logo-220.png\",\"contentUrl\":\"https:\/\/nat7noticias.com.br\/wp-content\/uploads\/2026\/05\/cropped-new-logo-220.png\",\"width\":231,\"height\":49,\"caption\":\"N7noticias\"},\"image\":{\"@id\":\"https:\/\/nat7noticias.com.br\/#\/schema\/logo\/image\/\"}},{\"@type\":\"Person\",\"@id\":\"https:\/\/nat7noticias.com.br\/#\/schema\/person\/690b027d93c852a6570e0bbc814a1cf0\",\"name\":\"Nadya Mayara\",\"image\":{\"@type\":\"ImageObject\",\"inLanguage\":\"pt-BR\",\"@id\":\"https:\/\/nat7noticias.com.br\/#\/schema\/person\/image\/\",\"url\":\"https:\/\/secure.gravatar.com\/avatar\/5c1565ad13ab2510c4efdacf6de389ff?s=96&d=mm&r=g\",\"contentUrl\":\"https:\/\/secure.gravatar.com\/avatar\/5c1565ad13ab2510c4efdacf6de389ff?s=96&d=mm&r=g\",\"caption\":\"Nadya Mayara\"},\"sameAs\":[\"https:\/\/nat7noticias.com.br\/\"],\"url\":\"https:\/\/nat7noticias.com.br\/?author=2\"}]}<\/script>\n<!-- \/ Yoast SEO plugin. -->","yoast_head_json":{"title":"- N7noticias","robots":{"index":"index","follow":"follow","max-snippet":"max-snippet:-1","max-image-preview":"max-image-preview:large","max-video-preview":"max-video-preview:-1"},"canonical":"https:\/\/nat7noticias.com.br\/?p=4448","og_locale":"pt_BR","og_type":"article","og_title":"- N7noticias","og_description":"Clima de confian\u00e7a marca prepara\u00e7\u00e3o da Federa\u00e7\u00e3o Renova\u00e7\u00e3o Solid\u00e1ria para conven\u00e7\u00e3o do dia 5 de agosto Conven\u00e7\u00e3o estadual da federa\u00e7\u00e3o,","og_url":"https:\/\/nat7noticias.com.br\/?p=4448","og_site_name":"N7noticias","article_published_time":"2026-08-03T12:36:17+00:00","og_image":[{"width":1600,"height":1200,"url":"https:\/\/nat7noticias.com.br\/wp-content\/uploads\/2026\/08\/IMG-20260803-WA0014.jpg","type":"image\/jpeg"}],"author":"Nadya Mayara","twitter_card":"summary_large_image","twitter_misc":{"Escrito por":"Nadya Mayara","Est. tempo de leitura":"3 minutos"},"schema":{"@context":"https:\/\/schema.org","@graph":[{"@type":"Article","@id":"https:\/\/nat7noticias.com.br\/?p=4448#article","isPartOf":{"@id":"https:\/\/nat7noticias.com.br\/?p=4448"},"author":{"name":"Nadya Mayara","@id":"https:\/\/nat7noticias.com.br\/#\/schema\/person\/690b027d93c852a6570e0bbc814a1cf0"},"headline":"Sem t\u00edtulo","datePublished":"2026-08-03T12:36:17+00:00","mainEntityOfPage":{"@id":"https:\/\/nat7noticias.com.br\/?p=4448"},"wordCount":439,"commentCount":0,"publisher":{"@id":"https:\/\/nat7noticias.com.br\/#organization"},"image":{"@id":"https:\/\/nat7noticias.com.br\/?p=4448#primaryimage"},"thumbnailUrl":"https:\/\/nat7noticias.com.br\/wp-content\/uploads\/2026\/08\/IMG-20260803-WA0014.jpg","articleSection":["Pol\u00edtica"],"inLanguage":"pt-BR","potentialAction":[{"@type":"CommentAction","name":"Comment","target":["https:\/\/nat7noticias.com.br\/?p=4448#respond"]}]},{"@type":"WebPage","@id":"https:\/\/nat7noticias.com.br\/?p=4448","url":"https:\/\/nat7noticias.com.br\/?p=4448","name":"- N7noticias","isPartOf":{"@id":"https:\/\/nat7noticias.com.br\/#website"},"primaryImageOfPage":{"@id":"https:\/\/nat7noticias.com.br\/?p=4448#primaryimage"},"image":{"@id":"https:\/\/nat7noticias.com.br\/?p=4448#primaryimage"},"thumbnailUrl":"https:\/\/nat7noticias.com.br\/wp-content\/uploads\/2026\/08\/IMG-20260803-WA0014.jpg","datePublished":"2026-08-03T12:36:17+00:00","inLanguage":"pt-BR","potentialAction":[{"@type":"ReadAction","target":["https:\/\/nat7noticias.com.br\/?p=4448"]}]},{"@type":"ImageObject","inLanguage":"pt-BR","@id":"https:\/\/nat7noticias.com.br\/?p=4448#primaryimage","url":"https:\/\/nat7noticias.com.br\/wp-content\/uploads\/2026\/08\/IMG-20260803-WA0014.jpg","contentUrl":"https:\/\/nat7noticias.com.br\/wp-content\/uploads\/2026\/08\/IMG-20260803-WA0014.jpg","width":1600,"height":1200},{"@type":"WebSite","@id":"https:\/\/nat7noticias.com.br\/#website","url":"https:\/\/nat7noticias.com.br\/","name":"N7noticias","description":"","publisher":{"@id":"https:\/\/nat7noticias.com.br\/#organization"},"potentialAction":[{"@type":"SearchAction","target":{"@type":"EntryPoint","urlTemplate":"https:\/\/nat7noticias.com.br\/?s={search_term_string}"},"query-input":{"@type":"PropertyValueSpecification","valueRequired":true,"valueName":"search_term_string"}}],"inLanguage":"pt-BR"},{"@type":"Organization","@id":"https:\/\/nat7noticias.com.br\/#organization","name":"N7noticias","url":"https:\/\/nat7noticias.com.br\/","logo":{"@type":"ImageObject","inLanguage":"pt-BR","@id":"https:\/\/nat7noticias.com.br\/#\/schema\/logo\/image\/","url":"https:\/\/nat7noticias.com.br\/wp-content\/uploads\/2026\/05\/cropped-new-logo-220.png","contentUrl":"https:\/\/nat7noticias.com.br\/wp-content\/uploads\/2026\/05\/cropped-new-logo-220.png","width":231,"height":49,"caption":"N7noticias"},"image":{"@id":"https:\/\/nat7noticias.com.br\/#\/schema\/logo\/image\/"}},{"@type":"Person","@id":"https:\/\/nat7noticias.com.br\/#\/schema\/person\/690b027d93c852a6570e0bbc814a1cf0","name":"Nadya Mayara","image":{"@type":"ImageObject","inLanguage":"pt-BR","@id":"https:\/\/nat7noticias.com.br\/#\/schema\/person\/image\/","url":"https:\/\/secure.gravatar.com\/avatar\/5c1565ad13ab2510c4efdacf6de389ff?s=96&d=mm&r=g","contentUrl":"https:\/\/secure.gravatar.com\/avatar\/5c1565ad13ab2510c4efdacf6de389ff?s=96&d=mm&r=g","caption":"Nadya Mayara"},"sameAs":["https:\/\/nat7noticias.com.br\/"],"url":"https:\/\/nat7noticias.com.br\/?author=2"}]}},"_links":{"self":[{"href":"https:\/\/nat7noticias.com.br\/index.php?rest_route=\/wp\/v2\/posts\/4448","targetHints":{"allow":["GET"]}}],"collection":[{"href":"https:\/\/nat7noticias.com.br\/index.php?rest_route=\/wp\/v2\/posts"}],"about":[{"href":"https:\/\/nat7noticias.com.br\/index.php?rest_route=\/wp\/v2\/types\/post"}],"author":[{"embeddable":true,"href":"https:\/\/nat7noticias.com.br\/index.php?rest_route=\/wp\/v2\/users\/2"}],"replies":[{"embeddable":true,"href":"https:\/\/nat7noticias.com.br\/index.php?rest_route=%2Fwp%2Fv2%2Fcomments&post=4448"}],"version-history":[{"count":1,"href":"https:\/\/nat7noticias.com.br\/index.php?rest_route=\/wp\/v2\/posts\/4448\/revisions"}],"predecessor-version":[{"id":4450,"href":"https:\/\/nat7noticias.com.br\/index.php?rest_route=\/wp\/v2\/posts\/4448\/revisions\/4450"}],"wp:featuredmedia":[{"embeddable":true,"href":"https:\/\/nat7noticias.com.br\/index.php?rest_route=\/wp\/v2\/media\/4449"}],"wp:attachment":[{"href":"https:\/\/nat7noticias.com.br\/index.php?rest_route=%2Fwp%2Fv2%2Fmedia&parent=4448"}],"wp:term":[{"taxonomy":"category","embeddable":true,"href":"https:\/\/nat7noticias.com.br\/index.php?rest_route=%2Fwp%2Fv2%2Fcategories&post=4448"},{"taxonomy":"post_tag","embeddable":true,"href":"https:\/\/nat7noticias.com.br\/index.php?rest_route=%2Fwp%2Fv2%2Ftags&post=4448"}],"curies":[{"name":"wp","href":"https:\/\/api.w.org\/{rel}","templated":true}]}}