{"id":4509,"date":"2026-08-10T23:39:16","date_gmt":"2026-08-11T02:39:16","guid":{"rendered":"https:\/\/nat7noticias.com.br\/?p=4509"},"modified":"2026-08-10T23:39:17","modified_gmt":"2026-08-11T02:39:17","slug":"liderancas-evangelicas-reafirmam-apoio-a-sandoval-cardoso-para-deputado-federal-e-a-eli-borges-para-o-senado","status":"publish","type":"post","link":"https:\/\/nat7noticias.com.br\/?p=4509","title":{"rendered":"Lideran\u00e7as evang\u00e9licas reafirmam apoio a Sandoval Cardoso para deputado federal e a Eli Borges para o Senado"},"content":{"rendered":"\n<p><div>Encontro com pastores e lideran\u00e7as da Assembleia de Deus Minist\u00e9rio Miss\u00e3o marcou a uni\u00e3o em torno de princ\u00edpios, fam\u00edlia e compromisso com o Tocantins<\/div><\/p>\n\n\n\n<p><div>Sandoval Cardoso recebeu o apoio de importantes lideran\u00e7as evang\u00e9licas durante encontro realizado em Palmas com representantes da Assembleia de Deus Minist\u00e9rio Miss\u00e3o \u2013 Projeto Restaurando Vidas (PRV). Entre os presentes estavam o Pastor Jos\u00e9 Suimar Caetano Ferreira, Pastor Suelismar Caetano, al\u00e9m do vereador Eudes e outras lideran\u00e7as do minist\u00e9rio. Sandoval esteve acompanhado do amigo Joaquim J\u00fanior.<\/div><\/p>\n\n\n\n<p><div>O encontro consolidou a aproxima\u00e7\u00e3o em torno de um projeto pol\u00edtico baseado na defesa da fam\u00edlia, na valoriza\u00e7\u00e3o do trabalho, nos princ\u00edpios crist\u00e3os e na constru\u00e7\u00e3o de oportunidades para quem mais precisa.<\/div><\/p>\n\n\n\n<p><div>Durante o momento, as lideran\u00e7as manifestaram apoio ao projeto de Sandoval Cardoso para a C\u00e2mara Federal. Uma das falas destacou as caracter\u00edsticas que motivaram a decis\u00e3o: <\/div><\/p>\n\n\n\n<p><div>\u201cN\u00f3s enxergamos nele seriedade, paz, seguran\u00e7a e fam\u00edlia.\u201d Outro ponto marcante foi a converg\u00eancia de prop\u00f3sitos entre o grupo. \u201cN\u00f3s temos princ\u00edpios, temos objetivos\u201d, destacou uma das lideran\u00e7as ao refor\u00e7ar a decis\u00e3o de caminhar junto com Sandoval e mobilizar l\u00edderes, amigos e integrantes do minist\u00e9rio em torno do projeto.<\/div><\/p>\n\n\n\n<p><div>Sandoval agradeceu a confian\u00e7a e ressaltou a responsabilidade representada pelo apoio. Para ele, a constru\u00e7\u00e3o pol\u00edtica deve estar voltada \u00e0s fam\u00edlias, \u00e0 boa pol\u00edtica, \u00e0 valoriza\u00e7\u00e3o de quem trabalha e \u00e0 cria\u00e7\u00e3o de oportunidades para os mais necessitados.<\/div><\/p>\n\n\n\n<p><div>O encontro tamb\u00e9m marcou o compromisso de Sandoval e das lideran\u00e7as com Eli Borges para o Senado da Rep\u00fablica, fortalecendo uma composi\u00e7\u00e3o que busca ampliar a representa\u00e7\u00e3o desses princ\u00edpios no Congresso Nacional.<\/div><\/p>\n\n\n\n<p><div>Em outro momento, Sandoval participou de encontro com pastores e lideran\u00e7as do minist\u00e9rio, ao lado de Eli Borges e Rubens Uchoa, refor\u00e7ando a uni\u00e3o constru\u00edda em torno do projeto.<\/div><\/p>\n\n\n\n<p><div>A agenda foi encerrada em um culto marcado pela f\u00e9 e comunh\u00e3o, que contou tamb\u00e9m com a presen\u00e7a da senadora Dorinha, reunindo lideran\u00e7as religiosas e pol\u00edticas em uma noite especial em Palmas.<\/div><\/p>\n\n\n\n<p><div>Para Sandoval, o apoio representa mais que uma alian\u00e7a pol\u00edtica: significa reunir pessoas que compartilham valores e objetivos para o futuro do Tocantins. \u201cTemos princ\u00edpios, temos prop\u00f3sito e temos muito trabalho pela frente.\u201d<\/div><\/p>\n","protected":false},"excerpt":{"rendered":"<p>Encontro com pastores e lideran\u00e7as da Assembleia de Deus Minist\u00e9rio Miss\u00e3o marcou a uni\u00e3o em torno de princ\u00edpios, fam\u00edlia e<\/p>\n","protected":false},"author":2,"featured_media":4510,"comment_status":"open","ping_status":"open","sticky":false,"template":"","format":"standard","meta":{"footnotes":""},"categories":[14],"tags":[],"class_list":["post-4509","post","type-post","status-publish","format-standard","has-post-thumbnail","hentry","category-politics"],"yoast_head":"<!-- This site is optimized with the Yoast SEO plugin v26.8 - https:\/\/yoast.com\/product\/yoast-seo-wordpress\/ -->\n<title>Lideran\u00e7as evang\u00e9licas reafirmam apoio a Sandoval Cardoso para deputado federal e a Eli Borges para o Senado - N7noticias<\/title>\n<meta name=\"robots\" content=\"index, follow, max-snippet:-1, max-image-preview:large, max-video-preview:-1\" \/>\n<link rel=\"canonical\" href=\"https:\/\/nat7noticias.com.br\/?p=4509\" \/>\n<meta property=\"og:locale\" content=\"pt_BR\" \/>\n<meta property=\"og:type\" content=\"article\" \/>\n<meta property=\"og:title\" content=\"Lideran\u00e7as evang\u00e9licas reafirmam apoio a Sandoval Cardoso para deputado federal e a Eli Borges para o Senado - N7noticias\" \/>\n<meta property=\"og:description\" content=\"Encontro com pastores e lideran\u00e7as da Assembleia de Deus Minist\u00e9rio Miss\u00e3o marcou a uni\u00e3o em torno de princ\u00edpios, fam\u00edlia e\" \/>\n<meta property=\"og:url\" content=\"https:\/\/nat7noticias.com.br\/?p=4509\" \/>\n<meta property=\"og:site_name\" content=\"N7noticias\" \/>\n<meta property=\"article:published_time\" content=\"2026-08-11T02:39:16+00:00\" \/>\n<meta property=\"article:modified_time\" content=\"2026-08-11T02:39:17+00:00\" \/>\n<meta property=\"og:image\" content=\"https:\/\/nat7noticias.com.br\/wp-content\/uploads\/2026\/08\/IMG-20260810-WA0087.jpg\" \/>\n\t<meta property=\"og:image:width\" content=\"1280\" \/>\n\t<meta property=\"og:image:height\" content=\"720\" \/>\n\t<meta property=\"og:image:type\" content=\"image\/jpeg\" \/>\n<meta name=\"author\" content=\"Nadya Mayara\" \/>\n<meta name=\"twitter:card\" content=\"summary_large_image\" \/>\n<meta name=\"twitter:label1\" content=\"Escrito por\" \/>\n\t<meta name=\"twitter:data1\" content=\"Nadya Mayara\" \/>\n\t<meta name=\"twitter:label2\" content=\"Est. tempo de leitura\" \/>\n\t<meta name=\"twitter:data2\" content=\"3 minutos\" \/>\n<script type=\"application\/ld+json\" class=\"yoast-schema-graph\">{\"@context\":\"https:\/\/schema.org\",\"@graph\":[{\"@type\":\"Article\",\"@id\":\"https:\/\/nat7noticias.com.br\/?p=4509#article\",\"isPartOf\":{\"@id\":\"https:\/\/nat7noticias.com.br\/?p=4509\"},\"author\":{\"name\":\"Nadya Mayara\",\"@id\":\"https:\/\/nat7noticias.com.br\/#\/schema\/person\/690b027d93c852a6570e0bbc814a1cf0\"},\"headline\":\"Lideran\u00e7as evang\u00e9licas reafirmam apoio a Sandoval Cardoso para deputado federal e a Eli Borges para o Senado\",\"datePublished\":\"2026-08-11T02:39:16+00:00\",\"dateModified\":\"2026-08-11T02:39:17+00:00\",\"mainEntityOfPage\":{\"@id\":\"https:\/\/nat7noticias.com.br\/?p=4509\"},\"wordCount\":430,\"commentCount\":0,\"publisher\":{\"@id\":\"https:\/\/nat7noticias.com.br\/#organization\"},\"image\":{\"@id\":\"https:\/\/nat7noticias.com.br\/?p=4509#primaryimage\"},\"thumbnailUrl\":\"https:\/\/nat7noticias.com.br\/wp-content\/uploads\/2026\/08\/IMG-20260810-WA0087.jpg\",\"articleSection\":[\"Pol\u00edtica\"],\"inLanguage\":\"pt-BR\",\"potentialAction\":[{\"@type\":\"CommentAction\",\"name\":\"Comment\",\"target\":[\"https:\/\/nat7noticias.com.br\/?p=4509#respond\"]}]},{\"@type\":\"WebPage\",\"@id\":\"https:\/\/nat7noticias.com.br\/?p=4509\",\"url\":\"https:\/\/nat7noticias.com.br\/?p=4509\",\"name\":\"Lideran\u00e7as evang\u00e9licas reafirmam apoio a Sandoval Cardoso para deputado federal e a Eli Borges para o Senado - N7noticias\",\"isPartOf\":{\"@id\":\"https:\/\/nat7noticias.com.br\/#website\"},\"primaryImageOfPage\":{\"@id\":\"https:\/\/nat7noticias.com.br\/?p=4509#primaryimage\"},\"image\":{\"@id\":\"https:\/\/nat7noticias.com.br\/?p=4509#primaryimage\"},\"thumbnailUrl\":\"https:\/\/nat7noticias.com.br\/wp-content\/uploads\/2026\/08\/IMG-20260810-WA0087.jpg\",\"datePublished\":\"2026-08-11T02:39:16+00:00\",\"dateModified\":\"2026-08-11T02:39:17+00:00\",\"breadcrumb\":{\"@id\":\"https:\/\/nat7noticias.com.br\/?p=4509#breadcrumb\"},\"inLanguage\":\"pt-BR\",\"potentialAction\":[{\"@type\":\"ReadAction\",\"target\":[\"https:\/\/nat7noticias.com.br\/?p=4509\"]}]},{\"@type\":\"ImageObject\",\"inLanguage\":\"pt-BR\",\"@id\":\"https:\/\/nat7noticias.com.br\/?p=4509#primaryimage\",\"url\":\"https:\/\/nat7noticias.com.br\/wp-content\/uploads\/2026\/08\/IMG-20260810-WA0087.jpg\",\"contentUrl\":\"https:\/\/nat7noticias.com.br\/wp-content\/uploads\/2026\/08\/IMG-20260810-WA0087.jpg\",\"width\":1280,\"height\":720},{\"@type\":\"BreadcrumbList\",\"@id\":\"https:\/\/nat7noticias.com.br\/?p=4509#breadcrumb\",\"itemListElement\":[{\"@type\":\"ListItem\",\"position\":1,\"name\":\"In\u00edcio\",\"item\":\"https:\/\/nat7noticias.com.br\/\"},{\"@type\":\"ListItem\",\"position\":2,\"name\":\"Lideran\u00e7as evang\u00e9licas reafirmam apoio a Sandoval Cardoso para deputado federal e a Eli Borges para o Senado\"}]},{\"@type\":\"WebSite\",\"@id\":\"https:\/\/nat7noticias.com.br\/#website\",\"url\":\"https:\/\/nat7noticias.com.br\/\",\"name\":\"N7noticias\",\"description\":\"\",\"publisher\":{\"@id\":\"https:\/\/nat7noticias.com.br\/#organization\"},\"potentialAction\":[{\"@type\":\"SearchAction\",\"target\":{\"@type\":\"EntryPoint\",\"urlTemplate\":\"https:\/\/nat7noticias.com.br\/?s={search_term_string}\"},\"query-input\":{\"@type\":\"PropertyValueSpecification\",\"valueRequired\":true,\"valueName\":\"search_term_string\"}}],\"inLanguage\":\"pt-BR\"},{\"@type\":\"Organization\",\"@id\":\"https:\/\/nat7noticias.com.br\/#organization\",\"name\":\"N7noticias\",\"url\":\"https:\/\/nat7noticias.com.br\/\",\"logo\":{\"@type\":\"ImageObject\",\"inLanguage\":\"pt-BR\",\"@id\":\"https:\/\/nat7noticias.com.br\/#\/schema\/logo\/image\/\",\"url\":\"https:\/\/nat7noticias.com.br\/wp-content\/uploads\/2026\/05\/cropped-new-logo-220.png\",\"contentUrl\":\"https:\/\/nat7noticias.com.br\/wp-content\/uploads\/2026\/05\/cropped-new-logo-220.png\",\"width\":231,\"height\":49,\"caption\":\"N7noticias\"},\"image\":{\"@id\":\"https:\/\/nat7noticias.com.br\/#\/schema\/logo\/image\/\"}},{\"@type\":\"Person\",\"@id\":\"https:\/\/nat7noticias.com.br\/#\/schema\/person\/690b027d93c852a6570e0bbc814a1cf0\",\"name\":\"Nadya Mayara\",\"image\":{\"@type\":\"ImageObject\",\"inLanguage\":\"pt-BR\",\"@id\":\"https:\/\/nat7noticias.com.br\/#\/schema\/person\/image\/\",\"url\":\"https:\/\/secure.gravatar.com\/avatar\/5c1565ad13ab2510c4efdacf6de389ff?s=96&d=mm&r=g\",\"contentUrl\":\"https:\/\/secure.gravatar.com\/avatar\/5c1565ad13ab2510c4efdacf6de389ff?s=96&d=mm&r=g\",\"caption\":\"Nadya Mayara\"},\"sameAs\":[\"https:\/\/nat7noticias.com.br\/\"],\"url\":\"https:\/\/nat7noticias.com.br\/?author=2\"}]}<\/script>\n<!-- \/ Yoast SEO plugin. -->","yoast_head_json":{"title":"Lideran\u00e7as evang\u00e9licas reafirmam apoio a Sandoval Cardoso para deputado federal e a Eli Borges para o Senado - N7noticias","robots":{"index":"index","follow":"follow","max-snippet":"max-snippet:-1","max-image-preview":"max-image-preview:large","max-video-preview":"max-video-preview:-1"},"canonical":"https:\/\/nat7noticias.com.br\/?p=4509","og_locale":"pt_BR","og_type":"article","og_title":"Lideran\u00e7as evang\u00e9licas reafirmam apoio a Sandoval Cardoso para deputado federal e a Eli Borges para o Senado - N7noticias","og_description":"Encontro com pastores e lideran\u00e7as da Assembleia de Deus Minist\u00e9rio Miss\u00e3o marcou a uni\u00e3o em torno de princ\u00edpios, fam\u00edlia e","og_url":"https:\/\/nat7noticias.com.br\/?p=4509","og_site_name":"N7noticias","article_published_time":"2026-08-11T02:39:16+00:00","article_modified_time":"2026-08-11T02:39:17+00:00","og_image":[{"width":1280,"height":720,"url":"https:\/\/nat7noticias.com.br\/wp-content\/uploads\/2026\/08\/IMG-20260810-WA0087.jpg","type":"image\/jpeg"}],"author":"Nadya Mayara","twitter_card":"summary_large_image","twitter_misc":{"Escrito por":"Nadya Mayara","Est. tempo de leitura":"3 minutos"},"schema":{"@context":"https:\/\/schema.org","@graph":[{"@type":"Article","@id":"https:\/\/nat7noticias.com.br\/?p=4509#article","isPartOf":{"@id":"https:\/\/nat7noticias.com.br\/?p=4509"},"author":{"name":"Nadya Mayara","@id":"https:\/\/nat7noticias.com.br\/#\/schema\/person\/690b027d93c852a6570e0bbc814a1cf0"},"headline":"Lideran\u00e7as evang\u00e9licas reafirmam apoio a Sandoval Cardoso para deputado federal e a Eli Borges para o Senado","datePublished":"2026-08-11T02:39:16+00:00","dateModified":"2026-08-11T02:39:17+00:00","mainEntityOfPage":{"@id":"https:\/\/nat7noticias.com.br\/?p=4509"},"wordCount":430,"commentCount":0,"publisher":{"@id":"https:\/\/nat7noticias.com.br\/#organization"},"image":{"@id":"https:\/\/nat7noticias.com.br\/?p=4509#primaryimage"},"thumbnailUrl":"https:\/\/nat7noticias.com.br\/wp-content\/uploads\/2026\/08\/IMG-20260810-WA0087.jpg","articleSection":["Pol\u00edtica"],"inLanguage":"pt-BR","potentialAction":[{"@type":"CommentAction","name":"Comment","target":["https:\/\/nat7noticias.com.br\/?p=4509#respond"]}]},{"@type":"WebPage","@id":"https:\/\/nat7noticias.com.br\/?p=4509","url":"https:\/\/nat7noticias.com.br\/?p=4509","name":"Lideran\u00e7as evang\u00e9licas reafirmam apoio a Sandoval Cardoso para deputado federal e a Eli Borges para o Senado - N7noticias","isPartOf":{"@id":"https:\/\/nat7noticias.com.br\/#website"},"primaryImageOfPage":{"@id":"https:\/\/nat7noticias.com.br\/?p=4509#primaryimage"},"image":{"@id":"https:\/\/nat7noticias.com.br\/?p=4509#primaryimage"},"thumbnailUrl":"https:\/\/nat7noticias.com.br\/wp-content\/uploads\/2026\/08\/IMG-20260810-WA0087.jpg","datePublished":"2026-08-11T02:39:16+00:00","dateModified":"2026-08-11T02:39:17+00:00","breadcrumb":{"@id":"https:\/\/nat7noticias.com.br\/?p=4509#breadcrumb"},"inLanguage":"pt-BR","potentialAction":[{"@type":"ReadAction","target":["https:\/\/nat7noticias.com.br\/?p=4509"]}]},{"@type":"ImageObject","inLanguage":"pt-BR","@id":"https:\/\/nat7noticias.com.br\/?p=4509#primaryimage","url":"https:\/\/nat7noticias.com.br\/wp-content\/uploads\/2026\/08\/IMG-20260810-WA0087.jpg","contentUrl":"https:\/\/nat7noticias.com.br\/wp-content\/uploads\/2026\/08\/IMG-20260810-WA0087.jpg","width":1280,"height":720},{"@type":"BreadcrumbList","@id":"https:\/\/nat7noticias.com.br\/?p=4509#breadcrumb","itemListElement":[{"@type":"ListItem","position":1,"name":"In\u00edcio","item":"https:\/\/nat7noticias.com.br\/"},{"@type":"ListItem","position":2,"name":"Lideran\u00e7as evang\u00e9licas reafirmam apoio a Sandoval Cardoso para deputado federal e a Eli Borges para o Senado"}]},{"@type":"WebSite","@id":"https:\/\/nat7noticias.com.br\/#website","url":"https:\/\/nat7noticias.com.br\/","name":"N7noticias","description":"","publisher":{"@id":"https:\/\/nat7noticias.com.br\/#organization"},"potentialAction":[{"@type":"SearchAction","target":{"@type":"EntryPoint","urlTemplate":"https:\/\/nat7noticias.com.br\/?s={search_term_string}"},"query-input":{"@type":"PropertyValueSpecification","valueRequired":true,"valueName":"search_term_string"}}],"inLanguage":"pt-BR"},{"@type":"Organization","@id":"https:\/\/nat7noticias.com.br\/#organization","name":"N7noticias","url":"https:\/\/nat7noticias.com.br\/","logo":{"@type":"ImageObject","inLanguage":"pt-BR","@id":"https:\/\/nat7noticias.com.br\/#\/schema\/logo\/image\/","url":"https:\/\/nat7noticias.com.br\/wp-content\/uploads\/2026\/05\/cropped-new-logo-220.png","contentUrl":"https:\/\/nat7noticias.com.br\/wp-content\/uploads\/2026\/05\/cropped-new-logo-220.png","width":231,"height":49,"caption":"N7noticias"},"image":{"@id":"https:\/\/nat7noticias.com.br\/#\/schema\/logo\/image\/"}},{"@type":"Person","@id":"https:\/\/nat7noticias.com.br\/#\/schema\/person\/690b027d93c852a6570e0bbc814a1cf0","name":"Nadya Mayara","image":{"@type":"ImageObject","inLanguage":"pt-BR","@id":"https:\/\/nat7noticias.com.br\/#\/schema\/person\/image\/","url":"https:\/\/secure.gravatar.com\/avatar\/5c1565ad13ab2510c4efdacf6de389ff?s=96&d=mm&r=g","contentUrl":"https:\/\/secure.gravatar.com\/avatar\/5c1565ad13ab2510c4efdacf6de389ff?s=96&d=mm&r=g","caption":"Nadya Mayara"},"sameAs":["https:\/\/nat7noticias.com.br\/"],"url":"https:\/\/nat7noticias.com.br\/?author=2"}]}},"_links":{"self":[{"href":"https:\/\/nat7noticias.com.br\/index.php?rest_route=\/wp\/v2\/posts\/4509","targetHints":{"allow":["GET"]}}],"collection":[{"href":"https:\/\/nat7noticias.com.br\/index.php?rest_route=\/wp\/v2\/posts"}],"about":[{"href":"https:\/\/nat7noticias.com.br\/index.php?rest_route=\/wp\/v2\/types\/post"}],"author":[{"embeddable":true,"href":"https:\/\/nat7noticias.com.br\/index.php?rest_route=\/wp\/v2\/users\/2"}],"replies":[{"embeddable":true,"href":"https:\/\/nat7noticias.com.br\/index.php?rest_route=%2Fwp%2Fv2%2Fcomments&post=4509"}],"version-history":[{"count":1,"href":"https:\/\/nat7noticias.com.br\/index.php?rest_route=\/wp\/v2\/posts\/4509\/revisions"}],"predecessor-version":[{"id":4511,"href":"https:\/\/nat7noticias.com.br\/index.php?rest_route=\/wp\/v2\/posts\/4509\/revisions\/4511"}],"wp:featuredmedia":[{"embeddable":true,"href":"https:\/\/nat7noticias.com.br\/index.php?rest_route=\/wp\/v2\/media\/4510"}],"wp:attachment":[{"href":"https:\/\/nat7noticias.com.br\/index.php?rest_route=%2Fwp%2Fv2%2Fmedia&parent=4509"}],"wp:term":[{"taxonomy":"category","embeddable":true,"href":"https:\/\/nat7noticias.com.br\/index.php?rest_route=%2Fwp%2Fv2%2Fcategories&post=4509"},{"taxonomy":"post_tag","embeddable":true,"href":"https:\/\/nat7noticias.com.br\/index.php?rest_route=%2Fwp%2Fv2%2Ftags&post=4509"}],"curies":[{"name":"wp","href":"https:\/\/api.w.org\/{rel}","templated":true}]}}