{"id":4550,"date":"2026-08-21T13:22:27","date_gmt":"2026-08-21T16:22:27","guid":{"rendered":"https:\/\/nat7noticias.com.br\/?p=4550"},"modified":"2026-08-21T13:22:27","modified_gmt":"2026-08-21T16:22:27","slug":"prefeito-joaquim-pinheiro-declara-apoio-a-sandoval-cardoso-para-deputado-federal","status":"publish","type":"post","link":"https:\/\/nat7noticias.com.br\/?p=4550","title":{"rendered":"Prefeito Joaquim Pinheiro declara apoio a Sandoval Cardoso para deputado federal"},"content":{"rendered":"\n<p>Ades\u00e3o fortalece a candidatura de Sandoval em Pedro Afonso e amplia sua base pol\u00edtica na regi\u00e3o<\/p>\n\n\n\n<p>O candidato a deputado federal Sandoval Cardoso recebeu o apoio do prefeito de Pedro Afonso, Joaquim Pinheiro, uma das principais lideran\u00e7as pol\u00edticas da regi\u00e3o. A ades\u00e3o fortalece o projeto de Sandoval no munic\u00edpio e consolida novas alian\u00e7as em sua caminhada para representar o Tocantins na C\u00e2mara Federal.<\/p>\n\n\n\n<p>Reeleito prefeito em 2024 com 6.256 votos, correspondentes a 71,35% dos votos v\u00e1lidos, Joaquim Pinheiro chega ao projeto com a for\u00e7a de uma lideran\u00e7a que recebeu expressiva aprova\u00e7\u00e3o da popula\u00e7\u00e3o pedro-afonsina. (UOL Not\u00edcias\u2060)<\/p>\n\n\n\n<p>Para Sandoval, o apoio representa tamb\u00e9m a uni\u00e3o em torno de um objetivo comum: garantir que Pedro Afonso e toda a regi\u00e3o tenham uma voz presente e atuante em Bras\u00edlia.<\/p>\n\n\n\n<p>\u201cRecebo com muita alegria e responsabilidade o apoio do prefeito Joaquim Pinheiro. Pedro Afonso \u00e9 uma cidade importante para o desenvolvimento do nosso Tocantins, e pode ter certeza de que estaremos juntos, trabalhando para buscar recursos, investimentos e oportunidades para o munic\u00edpio e para toda essa regi\u00e3o\u201d, destacou Sandoval.<\/p>\n\n\n\n<p>Pedro Afonso ocupa posi\u00e7\u00e3o estrat\u00e9gica na economia tocantinense, com forte presen\u00e7a do agroneg\u00f3cio e do cooperativismo. O munic\u00edpio tamb\u00e9m tem pautas importantes de infraestrutura e log\u00edstica, fundamentais para o escoamento da produ\u00e7\u00e3o e o desenvolvimento regional. (Prefeitura de Pedro Afonso\u2060)<\/p>\n\n\n\n<p>Com a chegada de Joaquim Pinheiro, Sandoval Cardoso amplia sua presen\u00e7a pol\u00edtica em Pedro Afonso e segue fortalecendo uma frente de lideran\u00e7as municipais em torno de sua candidatura a deputado federal.<\/p>\n\n\n\n<p>\u201c\u00c9 com uni\u00e3o, experi\u00eancia e compromisso com os munic\u00edpios que vamos trabalhar por um Tocantins mais forte. O Tocantins \u00e9 a gente\u201d, afirmou Sandoval.<\/p>\n","protected":false},"excerpt":{"rendered":"<p>Ades\u00e3o fortalece a candidatura de Sandoval em Pedro Afonso e amplia sua base pol\u00edtica na regi\u00e3o O candidato a deputado<\/p>\n","protected":false},"author":2,"featured_media":4551,"comment_status":"open","ping_status":"open","sticky":false,"template":"","format":"standard","meta":{"footnotes":""},"categories":[14],"tags":[],"class_list":["post-4550","post","type-post","status-publish","format-standard","has-post-thumbnail","hentry","category-politics"],"yoast_head":"<!-- This site is optimized with the Yoast SEO plugin v26.8 - https:\/\/yoast.com\/product\/yoast-seo-wordpress\/ -->\n<title>Prefeito Joaquim Pinheiro declara apoio a Sandoval Cardoso para deputado federal - N7noticias<\/title>\n<meta name=\"robots\" content=\"index, follow, max-snippet:-1, max-image-preview:large, max-video-preview:-1\" \/>\n<link rel=\"canonical\" href=\"https:\/\/nat7noticias.com.br\/?p=4550\" \/>\n<meta property=\"og:locale\" content=\"pt_BR\" \/>\n<meta property=\"og:type\" content=\"article\" \/>\n<meta property=\"og:title\" content=\"Prefeito Joaquim Pinheiro declara apoio a Sandoval Cardoso para deputado federal - N7noticias\" \/>\n<meta property=\"og:description\" content=\"Ades\u00e3o fortalece a candidatura de Sandoval em Pedro Afonso e amplia sua base pol\u00edtica na regi\u00e3o O candidato a deputado\" \/>\n<meta property=\"og:url\" content=\"https:\/\/nat7noticias.com.br\/?p=4550\" \/>\n<meta property=\"og:site_name\" content=\"N7noticias\" \/>\n<meta property=\"article:published_time\" content=\"2026-08-21T16:22:27+00:00\" \/>\n<meta property=\"og:image\" content=\"https:\/\/nat7noticias.com.br\/wp-content\/uploads\/2026\/08\/IMG-20260821-WA0074.jpg\" \/>\n\t<meta property=\"og:image:width\" content=\"1320\" \/>\n\t<meta property=\"og:image:height\" content=\"974\" \/>\n\t<meta property=\"og:image:type\" content=\"image\/jpeg\" \/>\n<meta name=\"author\" content=\"Nadya Mayara\" \/>\n<meta name=\"twitter:card\" content=\"summary_large_image\" \/>\n<meta name=\"twitter:label1\" content=\"Escrito por\" \/>\n\t<meta name=\"twitter:data1\" content=\"Nadya Mayara\" \/>\n\t<meta name=\"twitter:label2\" content=\"Est. tempo de leitura\" \/>\n\t<meta name=\"twitter:data2\" content=\"2 minutos\" \/>\n<script type=\"application\/ld+json\" class=\"yoast-schema-graph\">{\"@context\":\"https:\/\/schema.org\",\"@graph\":[{\"@type\":\"Article\",\"@id\":\"https:\/\/nat7noticias.com.br\/?p=4550#article\",\"isPartOf\":{\"@id\":\"https:\/\/nat7noticias.com.br\/?p=4550\"},\"author\":{\"name\":\"Nadya Mayara\",\"@id\":\"https:\/\/nat7noticias.com.br\/#\/schema\/person\/690b027d93c852a6570e0bbc814a1cf0\"},\"headline\":\"Prefeito Joaquim Pinheiro declara apoio a Sandoval Cardoso para deputado federal\",\"datePublished\":\"2026-08-21T16:22:27+00:00\",\"mainEntityOfPage\":{\"@id\":\"https:\/\/nat7noticias.com.br\/?p=4550\"},\"wordCount\":311,\"commentCount\":0,\"publisher\":{\"@id\":\"https:\/\/nat7noticias.com.br\/#organization\"},\"image\":{\"@id\":\"https:\/\/nat7noticias.com.br\/?p=4550#primaryimage\"},\"thumbnailUrl\":\"https:\/\/nat7noticias.com.br\/wp-content\/uploads\/2026\/08\/IMG-20260821-WA0074.jpg\",\"articleSection\":[\"Pol\u00edtica\"],\"inLanguage\":\"pt-BR\",\"potentialAction\":[{\"@type\":\"CommentAction\",\"name\":\"Comment\",\"target\":[\"https:\/\/nat7noticias.com.br\/?p=4550#respond\"]}]},{\"@type\":\"WebPage\",\"@id\":\"https:\/\/nat7noticias.com.br\/?p=4550\",\"url\":\"https:\/\/nat7noticias.com.br\/?p=4550\",\"name\":\"Prefeito Joaquim Pinheiro declara apoio a Sandoval Cardoso para deputado federal - N7noticias\",\"isPartOf\":{\"@id\":\"https:\/\/nat7noticias.com.br\/#website\"},\"primaryImageOfPage\":{\"@id\":\"https:\/\/nat7noticias.com.br\/?p=4550#primaryimage\"},\"image\":{\"@id\":\"https:\/\/nat7noticias.com.br\/?p=4550#primaryimage\"},\"thumbnailUrl\":\"https:\/\/nat7noticias.com.br\/wp-content\/uploads\/2026\/08\/IMG-20260821-WA0074.jpg\",\"datePublished\":\"2026-08-21T16:22:27+00:00\",\"breadcrumb\":{\"@id\":\"https:\/\/nat7noticias.com.br\/?p=4550#breadcrumb\"},\"inLanguage\":\"pt-BR\",\"potentialAction\":[{\"@type\":\"ReadAction\",\"target\":[\"https:\/\/nat7noticias.com.br\/?p=4550\"]}]},{\"@type\":\"ImageObject\",\"inLanguage\":\"pt-BR\",\"@id\":\"https:\/\/nat7noticias.com.br\/?p=4550#primaryimage\",\"url\":\"https:\/\/nat7noticias.com.br\/wp-content\/uploads\/2026\/08\/IMG-20260821-WA0074.jpg\",\"contentUrl\":\"https:\/\/nat7noticias.com.br\/wp-content\/uploads\/2026\/08\/IMG-20260821-WA0074.jpg\",\"width\":1320,\"height\":974},{\"@type\":\"BreadcrumbList\",\"@id\":\"https:\/\/nat7noticias.com.br\/?p=4550#breadcrumb\",\"itemListElement\":[{\"@type\":\"ListItem\",\"position\":1,\"name\":\"In\u00edcio\",\"item\":\"https:\/\/nat7noticias.com.br\/\"},{\"@type\":\"ListItem\",\"position\":2,\"name\":\"Prefeito Joaquim Pinheiro declara apoio a Sandoval Cardoso para deputado federal\"}]},{\"@type\":\"WebSite\",\"@id\":\"https:\/\/nat7noticias.com.br\/#website\",\"url\":\"https:\/\/nat7noticias.com.br\/\",\"name\":\"N7noticias\",\"description\":\"\",\"publisher\":{\"@id\":\"https:\/\/nat7noticias.com.br\/#organization\"},\"potentialAction\":[{\"@type\":\"SearchAction\",\"target\":{\"@type\":\"EntryPoint\",\"urlTemplate\":\"https:\/\/nat7noticias.com.br\/?s={search_term_string}\"},\"query-input\":{\"@type\":\"PropertyValueSpecification\",\"valueRequired\":true,\"valueName\":\"search_term_string\"}}],\"inLanguage\":\"pt-BR\"},{\"@type\":\"Organization\",\"@id\":\"https:\/\/nat7noticias.com.br\/#organization\",\"name\":\"N7noticias\",\"url\":\"https:\/\/nat7noticias.com.br\/\",\"logo\":{\"@type\":\"ImageObject\",\"inLanguage\":\"pt-BR\",\"@id\":\"https:\/\/nat7noticias.com.br\/#\/schema\/logo\/image\/\",\"url\":\"https:\/\/nat7noticias.com.br\/wp-content\/uploads\/2026\/05\/cropped-new-logo-220.png\",\"contentUrl\":\"https:\/\/nat7noticias.com.br\/wp-content\/uploads\/2026\/05\/cropped-new-logo-220.png\",\"width\":231,\"height\":49,\"caption\":\"N7noticias\"},\"image\":{\"@id\":\"https:\/\/nat7noticias.com.br\/#\/schema\/logo\/image\/\"}},{\"@type\":\"Person\",\"@id\":\"https:\/\/nat7noticias.com.br\/#\/schema\/person\/690b027d93c852a6570e0bbc814a1cf0\",\"name\":\"Nadya Mayara\",\"image\":{\"@type\":\"ImageObject\",\"inLanguage\":\"pt-BR\",\"@id\":\"https:\/\/nat7noticias.com.br\/#\/schema\/person\/image\/\",\"url\":\"https:\/\/secure.gravatar.com\/avatar\/5c1565ad13ab2510c4efdacf6de389ff?s=96&d=mm&r=g\",\"contentUrl\":\"https:\/\/secure.gravatar.com\/avatar\/5c1565ad13ab2510c4efdacf6de389ff?s=96&d=mm&r=g\",\"caption\":\"Nadya Mayara\"},\"sameAs\":[\"https:\/\/nat7noticias.com.br\/\"],\"url\":\"https:\/\/nat7noticias.com.br\/?author=2\"}]}<\/script>\n<!-- \/ Yoast SEO plugin. -->","yoast_head_json":{"title":"Prefeito Joaquim Pinheiro declara apoio a Sandoval Cardoso para deputado federal - N7noticias","robots":{"index":"index","follow":"follow","max-snippet":"max-snippet:-1","max-image-preview":"max-image-preview:large","max-video-preview":"max-video-preview:-1"},"canonical":"https:\/\/nat7noticias.com.br\/?p=4550","og_locale":"pt_BR","og_type":"article","og_title":"Prefeito Joaquim Pinheiro declara apoio a Sandoval Cardoso para deputado federal - N7noticias","og_description":"Ades\u00e3o fortalece a candidatura de Sandoval em Pedro Afonso e amplia sua base pol\u00edtica na regi\u00e3o O candidato a deputado","og_url":"https:\/\/nat7noticias.com.br\/?p=4550","og_site_name":"N7noticias","article_published_time":"2026-08-21T16:22:27+00:00","og_image":[{"width":1320,"height":974,"url":"https:\/\/nat7noticias.com.br\/wp-content\/uploads\/2026\/08\/IMG-20260821-WA0074.jpg","type":"image\/jpeg"}],"author":"Nadya Mayara","twitter_card":"summary_large_image","twitter_misc":{"Escrito por":"Nadya Mayara","Est. tempo de leitura":"2 minutos"},"schema":{"@context":"https:\/\/schema.org","@graph":[{"@type":"Article","@id":"https:\/\/nat7noticias.com.br\/?p=4550#article","isPartOf":{"@id":"https:\/\/nat7noticias.com.br\/?p=4550"},"author":{"name":"Nadya Mayara","@id":"https:\/\/nat7noticias.com.br\/#\/schema\/person\/690b027d93c852a6570e0bbc814a1cf0"},"headline":"Prefeito Joaquim Pinheiro declara apoio a Sandoval Cardoso para deputado federal","datePublished":"2026-08-21T16:22:27+00:00","mainEntityOfPage":{"@id":"https:\/\/nat7noticias.com.br\/?p=4550"},"wordCount":311,"commentCount":0,"publisher":{"@id":"https:\/\/nat7noticias.com.br\/#organization"},"image":{"@id":"https:\/\/nat7noticias.com.br\/?p=4550#primaryimage"},"thumbnailUrl":"https:\/\/nat7noticias.com.br\/wp-content\/uploads\/2026\/08\/IMG-20260821-WA0074.jpg","articleSection":["Pol\u00edtica"],"inLanguage":"pt-BR","potentialAction":[{"@type":"CommentAction","name":"Comment","target":["https:\/\/nat7noticias.com.br\/?p=4550#respond"]}]},{"@type":"WebPage","@id":"https:\/\/nat7noticias.com.br\/?p=4550","url":"https:\/\/nat7noticias.com.br\/?p=4550","name":"Prefeito Joaquim Pinheiro declara apoio a Sandoval Cardoso para deputado federal - N7noticias","isPartOf":{"@id":"https:\/\/nat7noticias.com.br\/#website"},"primaryImageOfPage":{"@id":"https:\/\/nat7noticias.com.br\/?p=4550#primaryimage"},"image":{"@id":"https:\/\/nat7noticias.com.br\/?p=4550#primaryimage"},"thumbnailUrl":"https:\/\/nat7noticias.com.br\/wp-content\/uploads\/2026\/08\/IMG-20260821-WA0074.jpg","datePublished":"2026-08-21T16:22:27+00:00","breadcrumb":{"@id":"https:\/\/nat7noticias.com.br\/?p=4550#breadcrumb"},"inLanguage":"pt-BR","potentialAction":[{"@type":"ReadAction","target":["https:\/\/nat7noticias.com.br\/?p=4550"]}]},{"@type":"ImageObject","inLanguage":"pt-BR","@id":"https:\/\/nat7noticias.com.br\/?p=4550#primaryimage","url":"https:\/\/nat7noticias.com.br\/wp-content\/uploads\/2026\/08\/IMG-20260821-WA0074.jpg","contentUrl":"https:\/\/nat7noticias.com.br\/wp-content\/uploads\/2026\/08\/IMG-20260821-WA0074.jpg","width":1320,"height":974},{"@type":"BreadcrumbList","@id":"https:\/\/nat7noticias.com.br\/?p=4550#breadcrumb","itemListElement":[{"@type":"ListItem","position":1,"name":"In\u00edcio","item":"https:\/\/nat7noticias.com.br\/"},{"@type":"ListItem","position":2,"name":"Prefeito Joaquim Pinheiro declara apoio a Sandoval Cardoso para deputado federal"}]},{"@type":"WebSite","@id":"https:\/\/nat7noticias.com.br\/#website","url":"https:\/\/nat7noticias.com.br\/","name":"N7noticias","description":"","publisher":{"@id":"https:\/\/nat7noticias.com.br\/#organization"},"potentialAction":[{"@type":"SearchAction","target":{"@type":"EntryPoint","urlTemplate":"https:\/\/nat7noticias.com.br\/?s={search_term_string}"},"query-input":{"@type":"PropertyValueSpecification","valueRequired":true,"valueName":"search_term_string"}}],"inLanguage":"pt-BR"},{"@type":"Organization","@id":"https:\/\/nat7noticias.com.br\/#organization","name":"N7noticias","url":"https:\/\/nat7noticias.com.br\/","logo":{"@type":"ImageObject","inLanguage":"pt-BR","@id":"https:\/\/nat7noticias.com.br\/#\/schema\/logo\/image\/","url":"https:\/\/nat7noticias.com.br\/wp-content\/uploads\/2026\/05\/cropped-new-logo-220.png","contentUrl":"https:\/\/nat7noticias.com.br\/wp-content\/uploads\/2026\/05\/cropped-new-logo-220.png","width":231,"height":49,"caption":"N7noticias"},"image":{"@id":"https:\/\/nat7noticias.com.br\/#\/schema\/logo\/image\/"}},{"@type":"Person","@id":"https:\/\/nat7noticias.com.br\/#\/schema\/person\/690b027d93c852a6570e0bbc814a1cf0","name":"Nadya Mayara","image":{"@type":"ImageObject","inLanguage":"pt-BR","@id":"https:\/\/nat7noticias.com.br\/#\/schema\/person\/image\/","url":"https:\/\/secure.gravatar.com\/avatar\/5c1565ad13ab2510c4efdacf6de389ff?s=96&d=mm&r=g","contentUrl":"https:\/\/secure.gravatar.com\/avatar\/5c1565ad13ab2510c4efdacf6de389ff?s=96&d=mm&r=g","caption":"Nadya Mayara"},"sameAs":["https:\/\/nat7noticias.com.br\/"],"url":"https:\/\/nat7noticias.com.br\/?author=2"}]}},"_links":{"self":[{"href":"https:\/\/nat7noticias.com.br\/index.php?rest_route=\/wp\/v2\/posts\/4550","targetHints":{"allow":["GET"]}}],"collection":[{"href":"https:\/\/nat7noticias.com.br\/index.php?rest_route=\/wp\/v2\/posts"}],"about":[{"href":"https:\/\/nat7noticias.com.br\/index.php?rest_route=\/wp\/v2\/types\/post"}],"author":[{"embeddable":true,"href":"https:\/\/nat7noticias.com.br\/index.php?rest_route=\/wp\/v2\/users\/2"}],"replies":[{"embeddable":true,"href":"https:\/\/nat7noticias.com.br\/index.php?rest_route=%2Fwp%2Fv2%2Fcomments&post=4550"}],"version-history":[{"count":1,"href":"https:\/\/nat7noticias.com.br\/index.php?rest_route=\/wp\/v2\/posts\/4550\/revisions"}],"predecessor-version":[{"id":4552,"href":"https:\/\/nat7noticias.com.br\/index.php?rest_route=\/wp\/v2\/posts\/4550\/revisions\/4552"}],"wp:featuredmedia":[{"embeddable":true,"href":"https:\/\/nat7noticias.com.br\/index.php?rest_route=\/wp\/v2\/media\/4551"}],"wp:attachment":[{"href":"https:\/\/nat7noticias.com.br\/index.php?rest_route=%2Fwp%2Fv2%2Fmedia&parent=4550"}],"wp:term":[{"taxonomy":"category","embeddable":true,"href":"https:\/\/nat7noticias.com.br\/index.php?rest_route=%2Fwp%2Fv2%2Fcategories&post=4550"},{"taxonomy":"post_tag","embeddable":true,"href":"https:\/\/nat7noticias.com.br\/index.php?rest_route=%2Fwp%2Fv2%2Ftags&post=4550"}],"curies":[{"name":"wp","href":"https:\/\/api.w.org\/{rel}","templated":true}]}}