{"id":4618,"date":"2026-08-31T12:10:31","date_gmt":"2026-08-31T15:10:31","guid":{"rendered":"https:\/\/nat7noticias.com.br\/?p=4618"},"modified":"2026-08-31T12:10:32","modified_gmt":"2026-08-31T15:10:32","slug":"gestores-federais-no-tocantins-declaram-apoio-a-edy-cesar-e-destacam-perfil-de-lideranca-presente-e-participativo","status":"publish","type":"post","link":"https:\/\/nat7noticias.com.br\/?p=4618","title":{"rendered":"Gestores federais no Tocantins declaram apoio a Edy C\u00e9sar e destacam perfil de lideran\u00e7a \u201cpresente e participativo\u201d"},"content":{"rendered":"\n<p>Integrantes da alta gest\u00e3o do Governo Federal reconhecem trajet\u00f3ria do candidato e defendem sua chegada \u00e0 Assembleia Legislativa<\/p>\n\n\n\n<p>A campanha de Edy C\u00e9sar ganha for\u00e7a com o apoio de integrantes da alta gest\u00e3o do Governo Federal que atuam no Tocantins. Entre as manifesta\u00e7\u00f5es est\u00e1 a de Paulo Ricardo, superintendente Estadual do Instituto Brasileiro de Geografia e Estat\u00edstica (IBGE) no Tocantins, que conhece de perto a trajet\u00f3ria p\u00fablica de Edy e destaca sua capacidade de lideran\u00e7a, compromisso e proximidade com a popula\u00e7\u00e3o.<\/p>\n\n\n\n<p>Ao declarar seu apoio, o superintendente Estadual do IBGE ressalta que Edy sempre se diferenciou por uma postura de gest\u00e3o pr\u00f3xima da realidade e distante da burocracia dos gabinetes.<\/p>\n\n\n\n<p>\u201cO Edy nunca foi um l\u00edder de gabinete; sempre foi um gestor presente, participativo, que conhece a realidade das pontas e busca solu\u00e7\u00f5es com agilidade e compromisso. O que mais me impressiona nele \u00e9 a sua voca\u00e7\u00e3o genu\u00edna para servir. Ele \u00e9 movido por um esp\u00edrito p\u00fablico exemplar, digno dos mais altos e respeitados gestores do nosso pa\u00eds. Ele traduz, em atitudes concretas, o que realmente significa colocar o interesse da coletividade acima de tudo\u201d, declarou Paulo Ricardo, superintendente Estadual do IBGE no Tocantins.<\/p>\n\n\n\n<p>Reconhecimento de quem conhece a gest\u00e3o p\u00fablicaA manifesta\u00e7\u00e3o do superintendente Estadual do IBGE se soma \u00e0s declara\u00e7\u00f5es de apoio de outros integrantes da alta gest\u00e3o do Governo Federal no Tocantins e ganha relev\u00e2ncia justamente por partir de gestores que acompanham de perto os desafios da administra\u00e7\u00e3o p\u00fablica e a realidade dos munic\u00edpios tocantinenses.<\/p>\n\n\n\n<p>Para Edy C\u00e9sar, o reconhecimento representa confian\u00e7a em sua trajet\u00f3ria e fortalece o projeto de construir um mandato verdadeiramente conectado \u00e0s necessidades da popula\u00e7\u00e3o.\u201cMinha gratid\u00e3o aos gestores que confiam no nosso trabalho e na possibilidade da realiza\u00e7\u00e3o de um mandato realmente representativo na Assembleia Legislativa\u201d, afirmou Edy.<\/p>\n\n\n\n<p>O candidato tamb\u00e9m relaciona o movimento de apoios ao crescimento da campanha do presidente Lula no Tocantins e \u00e0 constru\u00e7\u00e3o de uma base pol\u00edtica alinhada ao Governo Federal.Mais do que reunir apoios, Edy C\u00e9sar busca apresentar sua experi\u00eancia na gest\u00e3o p\u00fablica como um diferencial para a atua\u00e7\u00e3o parlamentar. A proposta \u00e9 levar para a Assembleia Legislativa uma postura de trabalho marcada pela presen\u00e7a nos munic\u00edpios, pelo di\u00e1logo e pela busca de solu\u00e7\u00f5es concretas para as demandas da popula\u00e7\u00e3o.<\/p>\n\n\n\n<p>Com a campanha em ritmo crescente, o apoio de gestores federais no Estado refor\u00e7a a musculatura pol\u00edtica da candidatura e amplia a rede de lideran\u00e7as que reconhecem a experi\u00eancia e a capacidade de Edy C\u00e9sar para representar o Tocantins no Legislativo estadual.<\/p>\n","protected":false},"excerpt":{"rendered":"<p>Integrantes da alta gest\u00e3o do Governo Federal reconhecem trajet\u00f3ria do candidato e defendem sua chegada \u00e0 Assembleia Legislativa A campanha<\/p>\n","protected":false},"author":2,"featured_media":4619,"comment_status":"open","ping_status":"open","sticky":false,"template":"","format":"standard","meta":{"footnotes":""},"categories":[14],"tags":[],"class_list":["post-4618","post","type-post","status-publish","format-standard","has-post-thumbnail","hentry","category-politics"],"yoast_head":"<!-- This site is optimized with the Yoast SEO plugin v26.8 - https:\/\/yoast.com\/product\/yoast-seo-wordpress\/ -->\n<title>Gestores federais no Tocantins declaram apoio a Edy C\u00e9sar e destacam perfil de lideran\u00e7a \u201cpresente e participativo\u201d - N7noticias<\/title>\n<meta name=\"robots\" content=\"index, follow, max-snippet:-1, max-image-preview:large, max-video-preview:-1\" \/>\n<link rel=\"canonical\" href=\"https:\/\/nat7noticias.com.br\/?p=4618\" \/>\n<meta property=\"og:locale\" content=\"pt_BR\" \/>\n<meta property=\"og:type\" content=\"article\" \/>\n<meta property=\"og:title\" content=\"Gestores federais no Tocantins declaram apoio a Edy C\u00e9sar e destacam perfil de lideran\u00e7a \u201cpresente e participativo\u201d - N7noticias\" \/>\n<meta property=\"og:description\" content=\"Integrantes da alta gest\u00e3o do Governo Federal reconhecem trajet\u00f3ria do candidato e defendem sua chegada \u00e0 Assembleia Legislativa A campanha\" \/>\n<meta property=\"og:url\" content=\"https:\/\/nat7noticias.com.br\/?p=4618\" \/>\n<meta property=\"og:site_name\" content=\"N7noticias\" \/>\n<meta property=\"article:published_time\" content=\"2026-08-31T15:10:31+00:00\" \/>\n<meta property=\"article:modified_time\" content=\"2026-08-31T15:10:32+00:00\" \/>\n<meta property=\"og:image\" content=\"https:\/\/nat7noticias.com.br\/wp-content\/uploads\/2026\/08\/IMG-20260831-WA0056.jpg\" \/>\n\t<meta property=\"og:image:width\" content=\"1600\" \/>\n\t<meta property=\"og:image:height\" content=\"1442\" \/>\n\t<meta property=\"og:image:type\" content=\"image\/jpeg\" \/>\n<meta name=\"author\" content=\"Nadya Mayara\" \/>\n<meta name=\"twitter:card\" content=\"summary_large_image\" \/>\n<meta name=\"twitter:label1\" content=\"Escrito por\" \/>\n\t<meta name=\"twitter:data1\" content=\"Nadya Mayara\" \/>\n\t<meta name=\"twitter:label2\" content=\"Est. tempo de leitura\" \/>\n\t<meta name=\"twitter:data2\" content=\"3 minutos\" \/>\n<script type=\"application\/ld+json\" class=\"yoast-schema-graph\">{\"@context\":\"https:\/\/schema.org\",\"@graph\":[{\"@type\":\"Article\",\"@id\":\"https:\/\/nat7noticias.com.br\/?p=4618#article\",\"isPartOf\":{\"@id\":\"https:\/\/nat7noticias.com.br\/?p=4618\"},\"author\":{\"name\":\"Nadya Mayara\",\"@id\":\"https:\/\/nat7noticias.com.br\/#\/schema\/person\/690b027d93c852a6570e0bbc814a1cf0\"},\"headline\":\"Gestores federais no Tocantins declaram apoio a Edy C\u00e9sar e destacam perfil de lideran\u00e7a \u201cpresente e participativo\u201d\",\"datePublished\":\"2026-08-31T15:10:31+00:00\",\"dateModified\":\"2026-08-31T15:10:32+00:00\",\"mainEntityOfPage\":{\"@id\":\"https:\/\/nat7noticias.com.br\/?p=4618\"},\"wordCount\":483,\"commentCount\":0,\"publisher\":{\"@id\":\"https:\/\/nat7noticias.com.br\/#organization\"},\"image\":{\"@id\":\"https:\/\/nat7noticias.com.br\/?p=4618#primaryimage\"},\"thumbnailUrl\":\"https:\/\/nat7noticias.com.br\/wp-content\/uploads\/2026\/08\/IMG-20260831-WA0056.jpg\",\"articleSection\":[\"Pol\u00edtica\"],\"inLanguage\":\"pt-BR\",\"potentialAction\":[{\"@type\":\"CommentAction\",\"name\":\"Comment\",\"target\":[\"https:\/\/nat7noticias.com.br\/?p=4618#respond\"]}]},{\"@type\":\"WebPage\",\"@id\":\"https:\/\/nat7noticias.com.br\/?p=4618\",\"url\":\"https:\/\/nat7noticias.com.br\/?p=4618\",\"name\":\"Gestores federais no Tocantins declaram apoio a Edy C\u00e9sar e destacam perfil de lideran\u00e7a \u201cpresente e participativo\u201d - N7noticias\",\"isPartOf\":{\"@id\":\"https:\/\/nat7noticias.com.br\/#website\"},\"primaryImageOfPage\":{\"@id\":\"https:\/\/nat7noticias.com.br\/?p=4618#primaryimage\"},\"image\":{\"@id\":\"https:\/\/nat7noticias.com.br\/?p=4618#primaryimage\"},\"thumbnailUrl\":\"https:\/\/nat7noticias.com.br\/wp-content\/uploads\/2026\/08\/IMG-20260831-WA0056.jpg\",\"datePublished\":\"2026-08-31T15:10:31+00:00\",\"dateModified\":\"2026-08-31T15:10:32+00:00\",\"breadcrumb\":{\"@id\":\"https:\/\/nat7noticias.com.br\/?p=4618#breadcrumb\"},\"inLanguage\":\"pt-BR\",\"potentialAction\":[{\"@type\":\"ReadAction\",\"target\":[\"https:\/\/nat7noticias.com.br\/?p=4618\"]}]},{\"@type\":\"ImageObject\",\"inLanguage\":\"pt-BR\",\"@id\":\"https:\/\/nat7noticias.com.br\/?p=4618#primaryimage\",\"url\":\"https:\/\/nat7noticias.com.br\/wp-content\/uploads\/2026\/08\/IMG-20260831-WA0056.jpg\",\"contentUrl\":\"https:\/\/nat7noticias.com.br\/wp-content\/uploads\/2026\/08\/IMG-20260831-WA0056.jpg\",\"width\":1600,\"height\":1442},{\"@type\":\"BreadcrumbList\",\"@id\":\"https:\/\/nat7noticias.com.br\/?p=4618#breadcrumb\",\"itemListElement\":[{\"@type\":\"ListItem\",\"position\":1,\"name\":\"In\u00edcio\",\"item\":\"https:\/\/nat7noticias.com.br\/\"},{\"@type\":\"ListItem\",\"position\":2,\"name\":\"Gestores federais no Tocantins declaram apoio a Edy C\u00e9sar e destacam perfil de lideran\u00e7a \u201cpresente e participativo\u201d\"}]},{\"@type\":\"WebSite\",\"@id\":\"https:\/\/nat7noticias.com.br\/#website\",\"url\":\"https:\/\/nat7noticias.com.br\/\",\"name\":\"N7noticias\",\"description\":\"\",\"publisher\":{\"@id\":\"https:\/\/nat7noticias.com.br\/#organization\"},\"potentialAction\":[{\"@type\":\"SearchAction\",\"target\":{\"@type\":\"EntryPoint\",\"urlTemplate\":\"https:\/\/nat7noticias.com.br\/?s={search_term_string}\"},\"query-input\":{\"@type\":\"PropertyValueSpecification\",\"valueRequired\":true,\"valueName\":\"search_term_string\"}}],\"inLanguage\":\"pt-BR\"},{\"@type\":\"Organization\",\"@id\":\"https:\/\/nat7noticias.com.br\/#organization\",\"name\":\"N7noticias\",\"url\":\"https:\/\/nat7noticias.com.br\/\",\"logo\":{\"@type\":\"ImageObject\",\"inLanguage\":\"pt-BR\",\"@id\":\"https:\/\/nat7noticias.com.br\/#\/schema\/logo\/image\/\",\"url\":\"https:\/\/nat7noticias.com.br\/wp-content\/uploads\/2026\/05\/cropped-new-logo-220.png\",\"contentUrl\":\"https:\/\/nat7noticias.com.br\/wp-content\/uploads\/2026\/05\/cropped-new-logo-220.png\",\"width\":231,\"height\":49,\"caption\":\"N7noticias\"},\"image\":{\"@id\":\"https:\/\/nat7noticias.com.br\/#\/schema\/logo\/image\/\"}},{\"@type\":\"Person\",\"@id\":\"https:\/\/nat7noticias.com.br\/#\/schema\/person\/690b027d93c852a6570e0bbc814a1cf0\",\"name\":\"Nadya Mayara\",\"image\":{\"@type\":\"ImageObject\",\"inLanguage\":\"pt-BR\",\"@id\":\"https:\/\/nat7noticias.com.br\/#\/schema\/person\/image\/\",\"url\":\"https:\/\/secure.gravatar.com\/avatar\/5c1565ad13ab2510c4efdacf6de389ff?s=96&d=mm&r=g\",\"contentUrl\":\"https:\/\/secure.gravatar.com\/avatar\/5c1565ad13ab2510c4efdacf6de389ff?s=96&d=mm&r=g\",\"caption\":\"Nadya Mayara\"},\"sameAs\":[\"https:\/\/nat7noticias.com.br\/\"],\"url\":\"https:\/\/nat7noticias.com.br\/?author=2\"}]}<\/script>\n<!-- \/ Yoast SEO plugin. -->","yoast_head_json":{"title":"Gestores federais no Tocantins declaram apoio a Edy C\u00e9sar e destacam perfil de lideran\u00e7a \u201cpresente e participativo\u201d - N7noticias","robots":{"index":"index","follow":"follow","max-snippet":"max-snippet:-1","max-image-preview":"max-image-preview:large","max-video-preview":"max-video-preview:-1"},"canonical":"https:\/\/nat7noticias.com.br\/?p=4618","og_locale":"pt_BR","og_type":"article","og_title":"Gestores federais no Tocantins declaram apoio a Edy C\u00e9sar e destacam perfil de lideran\u00e7a \u201cpresente e participativo\u201d - N7noticias","og_description":"Integrantes da alta gest\u00e3o do Governo Federal reconhecem trajet\u00f3ria do candidato e defendem sua chegada \u00e0 Assembleia Legislativa A campanha","og_url":"https:\/\/nat7noticias.com.br\/?p=4618","og_site_name":"N7noticias","article_published_time":"2026-08-31T15:10:31+00:00","article_modified_time":"2026-08-31T15:10:32+00:00","og_image":[{"width":1600,"height":1442,"url":"https:\/\/nat7noticias.com.br\/wp-content\/uploads\/2026\/08\/IMG-20260831-WA0056.jpg","type":"image\/jpeg"}],"author":"Nadya Mayara","twitter_card":"summary_large_image","twitter_misc":{"Escrito por":"Nadya Mayara","Est. tempo de leitura":"3 minutos"},"schema":{"@context":"https:\/\/schema.org","@graph":[{"@type":"Article","@id":"https:\/\/nat7noticias.com.br\/?p=4618#article","isPartOf":{"@id":"https:\/\/nat7noticias.com.br\/?p=4618"},"author":{"name":"Nadya Mayara","@id":"https:\/\/nat7noticias.com.br\/#\/schema\/person\/690b027d93c852a6570e0bbc814a1cf0"},"headline":"Gestores federais no Tocantins declaram apoio a Edy C\u00e9sar e destacam perfil de lideran\u00e7a \u201cpresente e participativo\u201d","datePublished":"2026-08-31T15:10:31+00:00","dateModified":"2026-08-31T15:10:32+00:00","mainEntityOfPage":{"@id":"https:\/\/nat7noticias.com.br\/?p=4618"},"wordCount":483,"commentCount":0,"publisher":{"@id":"https:\/\/nat7noticias.com.br\/#organization"},"image":{"@id":"https:\/\/nat7noticias.com.br\/?p=4618#primaryimage"},"thumbnailUrl":"https:\/\/nat7noticias.com.br\/wp-content\/uploads\/2026\/08\/IMG-20260831-WA0056.jpg","articleSection":["Pol\u00edtica"],"inLanguage":"pt-BR","potentialAction":[{"@type":"CommentAction","name":"Comment","target":["https:\/\/nat7noticias.com.br\/?p=4618#respond"]}]},{"@type":"WebPage","@id":"https:\/\/nat7noticias.com.br\/?p=4618","url":"https:\/\/nat7noticias.com.br\/?p=4618","name":"Gestores federais no Tocantins declaram apoio a Edy C\u00e9sar e destacam perfil de lideran\u00e7a \u201cpresente e participativo\u201d - N7noticias","isPartOf":{"@id":"https:\/\/nat7noticias.com.br\/#website"},"primaryImageOfPage":{"@id":"https:\/\/nat7noticias.com.br\/?p=4618#primaryimage"},"image":{"@id":"https:\/\/nat7noticias.com.br\/?p=4618#primaryimage"},"thumbnailUrl":"https:\/\/nat7noticias.com.br\/wp-content\/uploads\/2026\/08\/IMG-20260831-WA0056.jpg","datePublished":"2026-08-31T15:10:31+00:00","dateModified":"2026-08-31T15:10:32+00:00","breadcrumb":{"@id":"https:\/\/nat7noticias.com.br\/?p=4618#breadcrumb"},"inLanguage":"pt-BR","potentialAction":[{"@type":"ReadAction","target":["https:\/\/nat7noticias.com.br\/?p=4618"]}]},{"@type":"ImageObject","inLanguage":"pt-BR","@id":"https:\/\/nat7noticias.com.br\/?p=4618#primaryimage","url":"https:\/\/nat7noticias.com.br\/wp-content\/uploads\/2026\/08\/IMG-20260831-WA0056.jpg","contentUrl":"https:\/\/nat7noticias.com.br\/wp-content\/uploads\/2026\/08\/IMG-20260831-WA0056.jpg","width":1600,"height":1442},{"@type":"BreadcrumbList","@id":"https:\/\/nat7noticias.com.br\/?p=4618#breadcrumb","itemListElement":[{"@type":"ListItem","position":1,"name":"In\u00edcio","item":"https:\/\/nat7noticias.com.br\/"},{"@type":"ListItem","position":2,"name":"Gestores federais no Tocantins declaram apoio a Edy C\u00e9sar e destacam perfil de lideran\u00e7a \u201cpresente e participativo\u201d"}]},{"@type":"WebSite","@id":"https:\/\/nat7noticias.com.br\/#website","url":"https:\/\/nat7noticias.com.br\/","name":"N7noticias","description":"","publisher":{"@id":"https:\/\/nat7noticias.com.br\/#organization"},"potentialAction":[{"@type":"SearchAction","target":{"@type":"EntryPoint","urlTemplate":"https:\/\/nat7noticias.com.br\/?s={search_term_string}"},"query-input":{"@type":"PropertyValueSpecification","valueRequired":true,"valueName":"search_term_string"}}],"inLanguage":"pt-BR"},{"@type":"Organization","@id":"https:\/\/nat7noticias.com.br\/#organization","name":"N7noticias","url":"https:\/\/nat7noticias.com.br\/","logo":{"@type":"ImageObject","inLanguage":"pt-BR","@id":"https:\/\/nat7noticias.com.br\/#\/schema\/logo\/image\/","url":"https:\/\/nat7noticias.com.br\/wp-content\/uploads\/2026\/05\/cropped-new-logo-220.png","contentUrl":"https:\/\/nat7noticias.com.br\/wp-content\/uploads\/2026\/05\/cropped-new-logo-220.png","width":231,"height":49,"caption":"N7noticias"},"image":{"@id":"https:\/\/nat7noticias.com.br\/#\/schema\/logo\/image\/"}},{"@type":"Person","@id":"https:\/\/nat7noticias.com.br\/#\/schema\/person\/690b027d93c852a6570e0bbc814a1cf0","name":"Nadya Mayara","image":{"@type":"ImageObject","inLanguage":"pt-BR","@id":"https:\/\/nat7noticias.com.br\/#\/schema\/person\/image\/","url":"https:\/\/secure.gravatar.com\/avatar\/5c1565ad13ab2510c4efdacf6de389ff?s=96&d=mm&r=g","contentUrl":"https:\/\/secure.gravatar.com\/avatar\/5c1565ad13ab2510c4efdacf6de389ff?s=96&d=mm&r=g","caption":"Nadya Mayara"},"sameAs":["https:\/\/nat7noticias.com.br\/"],"url":"https:\/\/nat7noticias.com.br\/?author=2"}]}},"_links":{"self":[{"href":"https:\/\/nat7noticias.com.br\/index.php?rest_route=\/wp\/v2\/posts\/4618","targetHints":{"allow":["GET"]}}],"collection":[{"href":"https:\/\/nat7noticias.com.br\/index.php?rest_route=\/wp\/v2\/posts"}],"about":[{"href":"https:\/\/nat7noticias.com.br\/index.php?rest_route=\/wp\/v2\/types\/post"}],"author":[{"embeddable":true,"href":"https:\/\/nat7noticias.com.br\/index.php?rest_route=\/wp\/v2\/users\/2"}],"replies":[{"embeddable":true,"href":"https:\/\/nat7noticias.com.br\/index.php?rest_route=%2Fwp%2Fv2%2Fcomments&post=4618"}],"version-history":[{"count":1,"href":"https:\/\/nat7noticias.com.br\/index.php?rest_route=\/wp\/v2\/posts\/4618\/revisions"}],"predecessor-version":[{"id":4620,"href":"https:\/\/nat7noticias.com.br\/index.php?rest_route=\/wp\/v2\/posts\/4618\/revisions\/4620"}],"wp:featuredmedia":[{"embeddable":true,"href":"https:\/\/nat7noticias.com.br\/index.php?rest_route=\/wp\/v2\/media\/4619"}],"wp:attachment":[{"href":"https:\/\/nat7noticias.com.br\/index.php?rest_route=%2Fwp%2Fv2%2Fmedia&parent=4618"}],"wp:term":[{"taxonomy":"category","embeddable":true,"href":"https:\/\/nat7noticias.com.br\/index.php?rest_route=%2Fwp%2Fv2%2Fcategories&post=4618"},{"taxonomy":"post_tag","embeddable":true,"href":"https:\/\/nat7noticias.com.br\/index.php?rest_route=%2Fwp%2Fv2%2Ftags&post=4618"}],"curies":[{"name":"wp","href":"https:\/\/api.w.org\/{rel}","templated":true}]}}