{"id":4621,"date":"2026-09-01T06:32:40","date_gmt":"2026-09-01T09:32:40","guid":{"rendered":"https:\/\/nat7noticias.com.br\/?p=4621"},"modified":"2026-09-01T06:32:41","modified_gmt":"2026-09-01T09:32:41","slug":"silvaney-rabelo-e-irata-abreu-reunem-apoiadores-em-porto-nacional","status":"publish","type":"post","link":"https:\/\/nat7noticias.com.br\/?p=4621","title":{"rendered":"Silvaney Rabelo e Irat\u00e3 Abreu re\u00fanem apoiadores em Porto Nacional"},"content":{"rendered":"\n<p><div>Encontro no Espa\u00e7o de Eventos Colm\u00e9ia promoveu di\u00e1logo sobre propostas e demandas da popula\u00e7\u00e3o<\/div><\/p>\n\n\n\n<p><strong>Por: Nadya Mayara <\/strong><\/p>\n\n\n\n<p><div>Os candidatos Silvaney Rabelo, que disputa uma vaga na Assembleia Legislativa, e Irat\u00e3 Abreu, candidato a deputado federal, participaram de uma reuni\u00e3o com apoiadores e moradores de Porto Nacional na noite desta segunda-feira (31).<\/div>O encontro foi realizado no Espa\u00e7o de Eventos Colm\u00e9ia.<\/p>\n\n\n\n<p><div>Durante a reuni\u00e3o, os candidatos apresentaram propostas e dialogaram com a comunidade sobre as principais demandas do munic\u00edpio. Os participantes tamb\u00e9m tiveram a oportunidade de expor sugest\u00f5es e reivindica\u00e7\u00f5es relacionadas \u00e0s necessidades da popula\u00e7\u00e3o.<\/div><\/p>\n\n\n\n<p><div>Silvaney Rabelo destacou a import\u00e2ncia de manter uma rela\u00e7\u00e3o pr\u00f3xima com os moradores e ouvir as prioridades de cada regi\u00e3o. \u201cQueremos construir um mandato participativo, ouvindo a popula\u00e7\u00e3o e trabalhando para transformar as demandas apresentadas em a\u00e7\u00f5es concretas\u201d, afirmou.<\/div><\/p>\n\n\n\n<p><div>Com a participa\u00e7\u00e3o dos moradores, o encontro fortaleceu o di\u00e1logo entre os candidatos e a comunidade e abriu espa\u00e7o para a constru\u00e7\u00e3o de propostas alinhadas \u00e0s necessidades de Porto Nacional.<\/div><\/p>\n\n\n\n<figure class=\"wp-block-image size-large\"><img fetchpriority=\"high\" decoding=\"async\" width=\"1024\" height=\"768\" src=\"https:\/\/nat7noticias.com.br\/wp-content\/uploads\/2026\/09\/1002397109-1024x768.jpg\" alt=\"\" class=\"wp-image-4622\" srcset=\"https:\/\/nat7noticias.com.br\/wp-content\/uploads\/2026\/09\/1002397109-1024x768.jpg 1024w, https:\/\/nat7noticias.com.br\/wp-content\/uploads\/2026\/09\/1002397109-300x225.jpg 300w, https:\/\/nat7noticias.com.br\/wp-content\/uploads\/2026\/09\/1002397109-768x576.jpg 768w, https:\/\/nat7noticias.com.br\/wp-content\/uploads\/2026\/09\/1002397109.jpg 1280w\" sizes=\"(max-width: 1024px) 100vw, 1024px\" \/><figcaption class=\"wp-element-caption\">Foto: Divulga\u00e7\u00e3o <\/figcaption><\/figure>\n\n\n\n<figure class=\"wp-block-image size-large\"><img decoding=\"async\" width=\"1024\" height=\"768\" src=\"https:\/\/nat7noticias.com.br\/wp-content\/uploads\/2026\/09\/1002397112-1024x768.jpg\" alt=\"\" class=\"wp-image-4623\" srcset=\"https:\/\/nat7noticias.com.br\/wp-content\/uploads\/2026\/09\/1002397112-1024x768.jpg 1024w, https:\/\/nat7noticias.com.br\/wp-content\/uploads\/2026\/09\/1002397112-300x225.jpg 300w, https:\/\/nat7noticias.com.br\/wp-content\/uploads\/2026\/09\/1002397112-768x576.jpg 768w, https:\/\/nat7noticias.com.br\/wp-content\/uploads\/2026\/09\/1002397112.jpg 1280w\" sizes=\"(max-width: 1024px) 100vw, 1024px\" \/><figcaption class=\"wp-element-caption\">Foto: Divulga\u00e7\u00e3o <\/figcaption><\/figure>\n","protected":false},"excerpt":{"rendered":"<p>Encontro no Espa\u00e7o de Eventos Colm\u00e9ia promoveu di\u00e1logo sobre propostas e demandas da popula\u00e7\u00e3o Por: Nadya Mayara Os candidatos Silvaney<\/p>\n","protected":false},"author":2,"featured_media":4624,"comment_status":"open","ping_status":"open","sticky":false,"template":"","format":"standard","meta":{"footnotes":""},"categories":[14],"tags":[],"class_list":["post-4621","post","type-post","status-publish","format-standard","has-post-thumbnail","hentry","category-politics"],"yoast_head":"<!-- This site is optimized with the Yoast SEO plugin v26.8 - https:\/\/yoast.com\/product\/yoast-seo-wordpress\/ -->\n<title>Silvaney Rabelo e Irat\u00e3 Abreu re\u00fanem apoiadores em Porto Nacional - N7noticias<\/title>\n<meta name=\"robots\" content=\"index, follow, max-snippet:-1, max-image-preview:large, max-video-preview:-1\" \/>\n<link rel=\"canonical\" href=\"https:\/\/nat7noticias.com.br\/?p=4621\" \/>\n<meta property=\"og:locale\" content=\"pt_BR\" \/>\n<meta property=\"og:type\" content=\"article\" \/>\n<meta property=\"og:title\" content=\"Silvaney Rabelo e Irat\u00e3 Abreu re\u00fanem apoiadores em Porto Nacional - N7noticias\" \/>\n<meta property=\"og:description\" content=\"Encontro no Espa\u00e7o de Eventos Colm\u00e9ia promoveu di\u00e1logo sobre propostas e demandas da popula\u00e7\u00e3o Por: Nadya Mayara Os candidatos Silvaney\" \/>\n<meta property=\"og:url\" content=\"https:\/\/nat7noticias.com.br\/?p=4621\" \/>\n<meta property=\"og:site_name\" content=\"N7noticias\" \/>\n<meta property=\"article:published_time\" content=\"2026-09-01T09:32:40+00:00\" \/>\n<meta property=\"article:modified_time\" content=\"2026-09-01T09:32:41+00:00\" \/>\n<meta property=\"og:image\" content=\"https:\/\/nat7noticias.com.br\/wp-content\/uploads\/2026\/09\/IMG-20260901-WA0002.jpg\" \/>\n\t<meta property=\"og:image:width\" content=\"1280\" \/>\n\t<meta property=\"og:image:height\" content=\"960\" \/>\n\t<meta property=\"og:image:type\" content=\"image\/jpeg\" \/>\n<meta name=\"author\" content=\"Nadya Mayara\" \/>\n<meta name=\"twitter:card\" content=\"summary_large_image\" \/>\n<meta name=\"twitter:label1\" content=\"Escrito por\" \/>\n\t<meta name=\"twitter:data1\" content=\"Nadya Mayara\" \/>\n\t<meta name=\"twitter:label2\" content=\"Est. tempo de leitura\" \/>\n\t<meta name=\"twitter:data2\" content=\"2 minutos\" \/>\n<script type=\"application\/ld+json\" class=\"yoast-schema-graph\">{\"@context\":\"https:\/\/schema.org\",\"@graph\":[{\"@type\":\"Article\",\"@id\":\"https:\/\/nat7noticias.com.br\/?p=4621#article\",\"isPartOf\":{\"@id\":\"https:\/\/nat7noticias.com.br\/?p=4621\"},\"author\":{\"name\":\"Nadya Mayara\",\"@id\":\"https:\/\/nat7noticias.com.br\/#\/schema\/person\/690b027d93c852a6570e0bbc814a1cf0\"},\"headline\":\"Silvaney Rabelo e Irat\u00e3 Abreu re\u00fanem apoiadores em Porto Nacional\",\"datePublished\":\"2026-09-01T09:32:40+00:00\",\"dateModified\":\"2026-09-01T09:32:41+00:00\",\"mainEntityOfPage\":{\"@id\":\"https:\/\/nat7noticias.com.br\/?p=4621\"},\"wordCount\":202,\"commentCount\":0,\"publisher\":{\"@id\":\"https:\/\/nat7noticias.com.br\/#organization\"},\"image\":{\"@id\":\"https:\/\/nat7noticias.com.br\/?p=4621#primaryimage\"},\"thumbnailUrl\":\"https:\/\/nat7noticias.com.br\/wp-content\/uploads\/2026\/09\/IMG-20260901-WA0002.jpg\",\"articleSection\":[\"Pol\u00edtica\"],\"inLanguage\":\"pt-BR\",\"potentialAction\":[{\"@type\":\"CommentAction\",\"name\":\"Comment\",\"target\":[\"https:\/\/nat7noticias.com.br\/?p=4621#respond\"]}]},{\"@type\":\"WebPage\",\"@id\":\"https:\/\/nat7noticias.com.br\/?p=4621\",\"url\":\"https:\/\/nat7noticias.com.br\/?p=4621\",\"name\":\"Silvaney Rabelo e Irat\u00e3 Abreu re\u00fanem apoiadores em Porto Nacional - N7noticias\",\"isPartOf\":{\"@id\":\"https:\/\/nat7noticias.com.br\/#website\"},\"primaryImageOfPage\":{\"@id\":\"https:\/\/nat7noticias.com.br\/?p=4621#primaryimage\"},\"image\":{\"@id\":\"https:\/\/nat7noticias.com.br\/?p=4621#primaryimage\"},\"thumbnailUrl\":\"https:\/\/nat7noticias.com.br\/wp-content\/uploads\/2026\/09\/IMG-20260901-WA0002.jpg\",\"datePublished\":\"2026-09-01T09:32:40+00:00\",\"dateModified\":\"2026-09-01T09:32:41+00:00\",\"breadcrumb\":{\"@id\":\"https:\/\/nat7noticias.com.br\/?p=4621#breadcrumb\"},\"inLanguage\":\"pt-BR\",\"potentialAction\":[{\"@type\":\"ReadAction\",\"target\":[\"https:\/\/nat7noticias.com.br\/?p=4621\"]}]},{\"@type\":\"ImageObject\",\"inLanguage\":\"pt-BR\",\"@id\":\"https:\/\/nat7noticias.com.br\/?p=4621#primaryimage\",\"url\":\"https:\/\/nat7noticias.com.br\/wp-content\/uploads\/2026\/09\/IMG-20260901-WA0002.jpg\",\"contentUrl\":\"https:\/\/nat7noticias.com.br\/wp-content\/uploads\/2026\/09\/IMG-20260901-WA0002.jpg\",\"width\":1280,\"height\":960},{\"@type\":\"BreadcrumbList\",\"@id\":\"https:\/\/nat7noticias.com.br\/?p=4621#breadcrumb\",\"itemListElement\":[{\"@type\":\"ListItem\",\"position\":1,\"name\":\"In\u00edcio\",\"item\":\"https:\/\/nat7noticias.com.br\/\"},{\"@type\":\"ListItem\",\"position\":2,\"name\":\"Silvaney Rabelo e Irat\u00e3 Abreu re\u00fanem apoiadores em Porto Nacional\"}]},{\"@type\":\"WebSite\",\"@id\":\"https:\/\/nat7noticias.com.br\/#website\",\"url\":\"https:\/\/nat7noticias.com.br\/\",\"name\":\"N7noticias\",\"description\":\"\",\"publisher\":{\"@id\":\"https:\/\/nat7noticias.com.br\/#organization\"},\"potentialAction\":[{\"@type\":\"SearchAction\",\"target\":{\"@type\":\"EntryPoint\",\"urlTemplate\":\"https:\/\/nat7noticias.com.br\/?s={search_term_string}\"},\"query-input\":{\"@type\":\"PropertyValueSpecification\",\"valueRequired\":true,\"valueName\":\"search_term_string\"}}],\"inLanguage\":\"pt-BR\"},{\"@type\":\"Organization\",\"@id\":\"https:\/\/nat7noticias.com.br\/#organization\",\"name\":\"N7noticias\",\"url\":\"https:\/\/nat7noticias.com.br\/\",\"logo\":{\"@type\":\"ImageObject\",\"inLanguage\":\"pt-BR\",\"@id\":\"https:\/\/nat7noticias.com.br\/#\/schema\/logo\/image\/\",\"url\":\"https:\/\/nat7noticias.com.br\/wp-content\/uploads\/2026\/05\/cropped-new-logo-220.png\",\"contentUrl\":\"https:\/\/nat7noticias.com.br\/wp-content\/uploads\/2026\/05\/cropped-new-logo-220.png\",\"width\":231,\"height\":49,\"caption\":\"N7noticias\"},\"image\":{\"@id\":\"https:\/\/nat7noticias.com.br\/#\/schema\/logo\/image\/\"}},{\"@type\":\"Person\",\"@id\":\"https:\/\/nat7noticias.com.br\/#\/schema\/person\/690b027d93c852a6570e0bbc814a1cf0\",\"name\":\"Nadya Mayara\",\"image\":{\"@type\":\"ImageObject\",\"inLanguage\":\"pt-BR\",\"@id\":\"https:\/\/nat7noticias.com.br\/#\/schema\/person\/image\/\",\"url\":\"https:\/\/secure.gravatar.com\/avatar\/5c1565ad13ab2510c4efdacf6de389ff?s=96&d=mm&r=g\",\"contentUrl\":\"https:\/\/secure.gravatar.com\/avatar\/5c1565ad13ab2510c4efdacf6de389ff?s=96&d=mm&r=g\",\"caption\":\"Nadya Mayara\"},\"sameAs\":[\"https:\/\/nat7noticias.com.br\/\"],\"url\":\"https:\/\/nat7noticias.com.br\/?author=2\"}]}<\/script>\n<!-- \/ Yoast SEO plugin. -->","yoast_head_json":{"title":"Silvaney Rabelo e Irat\u00e3 Abreu re\u00fanem apoiadores em Porto Nacional - N7noticias","robots":{"index":"index","follow":"follow","max-snippet":"max-snippet:-1","max-image-preview":"max-image-preview:large","max-video-preview":"max-video-preview:-1"},"canonical":"https:\/\/nat7noticias.com.br\/?p=4621","og_locale":"pt_BR","og_type":"article","og_title":"Silvaney Rabelo e Irat\u00e3 Abreu re\u00fanem apoiadores em Porto Nacional - N7noticias","og_description":"Encontro no Espa\u00e7o de Eventos Colm\u00e9ia promoveu di\u00e1logo sobre propostas e demandas da popula\u00e7\u00e3o Por: Nadya Mayara Os candidatos Silvaney","og_url":"https:\/\/nat7noticias.com.br\/?p=4621","og_site_name":"N7noticias","article_published_time":"2026-09-01T09:32:40+00:00","article_modified_time":"2026-09-01T09:32:41+00:00","og_image":[{"width":1280,"height":960,"url":"https:\/\/nat7noticias.com.br\/wp-content\/uploads\/2026\/09\/IMG-20260901-WA0002.jpg","type":"image\/jpeg"}],"author":"Nadya Mayara","twitter_card":"summary_large_image","twitter_misc":{"Escrito por":"Nadya Mayara","Est. tempo de leitura":"2 minutos"},"schema":{"@context":"https:\/\/schema.org","@graph":[{"@type":"Article","@id":"https:\/\/nat7noticias.com.br\/?p=4621#article","isPartOf":{"@id":"https:\/\/nat7noticias.com.br\/?p=4621"},"author":{"name":"Nadya Mayara","@id":"https:\/\/nat7noticias.com.br\/#\/schema\/person\/690b027d93c852a6570e0bbc814a1cf0"},"headline":"Silvaney Rabelo e Irat\u00e3 Abreu re\u00fanem apoiadores em Porto Nacional","datePublished":"2026-09-01T09:32:40+00:00","dateModified":"2026-09-01T09:32:41+00:00","mainEntityOfPage":{"@id":"https:\/\/nat7noticias.com.br\/?p=4621"},"wordCount":202,"commentCount":0,"publisher":{"@id":"https:\/\/nat7noticias.com.br\/#organization"},"image":{"@id":"https:\/\/nat7noticias.com.br\/?p=4621#primaryimage"},"thumbnailUrl":"https:\/\/nat7noticias.com.br\/wp-content\/uploads\/2026\/09\/IMG-20260901-WA0002.jpg","articleSection":["Pol\u00edtica"],"inLanguage":"pt-BR","potentialAction":[{"@type":"CommentAction","name":"Comment","target":["https:\/\/nat7noticias.com.br\/?p=4621#respond"]}]},{"@type":"WebPage","@id":"https:\/\/nat7noticias.com.br\/?p=4621","url":"https:\/\/nat7noticias.com.br\/?p=4621","name":"Silvaney Rabelo e Irat\u00e3 Abreu re\u00fanem apoiadores em Porto Nacional - N7noticias","isPartOf":{"@id":"https:\/\/nat7noticias.com.br\/#website"},"primaryImageOfPage":{"@id":"https:\/\/nat7noticias.com.br\/?p=4621#primaryimage"},"image":{"@id":"https:\/\/nat7noticias.com.br\/?p=4621#primaryimage"},"thumbnailUrl":"https:\/\/nat7noticias.com.br\/wp-content\/uploads\/2026\/09\/IMG-20260901-WA0002.jpg","datePublished":"2026-09-01T09:32:40+00:00","dateModified":"2026-09-01T09:32:41+00:00","breadcrumb":{"@id":"https:\/\/nat7noticias.com.br\/?p=4621#breadcrumb"},"inLanguage":"pt-BR","potentialAction":[{"@type":"ReadAction","target":["https:\/\/nat7noticias.com.br\/?p=4621"]}]},{"@type":"ImageObject","inLanguage":"pt-BR","@id":"https:\/\/nat7noticias.com.br\/?p=4621#primaryimage","url":"https:\/\/nat7noticias.com.br\/wp-content\/uploads\/2026\/09\/IMG-20260901-WA0002.jpg","contentUrl":"https:\/\/nat7noticias.com.br\/wp-content\/uploads\/2026\/09\/IMG-20260901-WA0002.jpg","width":1280,"height":960},{"@type":"BreadcrumbList","@id":"https:\/\/nat7noticias.com.br\/?p=4621#breadcrumb","itemListElement":[{"@type":"ListItem","position":1,"name":"In\u00edcio","item":"https:\/\/nat7noticias.com.br\/"},{"@type":"ListItem","position":2,"name":"Silvaney Rabelo e Irat\u00e3 Abreu re\u00fanem apoiadores em Porto Nacional"}]},{"@type":"WebSite","@id":"https:\/\/nat7noticias.com.br\/#website","url":"https:\/\/nat7noticias.com.br\/","name":"N7noticias","description":"","publisher":{"@id":"https:\/\/nat7noticias.com.br\/#organization"},"potentialAction":[{"@type":"SearchAction","target":{"@type":"EntryPoint","urlTemplate":"https:\/\/nat7noticias.com.br\/?s={search_term_string}"},"query-input":{"@type":"PropertyValueSpecification","valueRequired":true,"valueName":"search_term_string"}}],"inLanguage":"pt-BR"},{"@type":"Organization","@id":"https:\/\/nat7noticias.com.br\/#organization","name":"N7noticias","url":"https:\/\/nat7noticias.com.br\/","logo":{"@type":"ImageObject","inLanguage":"pt-BR","@id":"https:\/\/nat7noticias.com.br\/#\/schema\/logo\/image\/","url":"https:\/\/nat7noticias.com.br\/wp-content\/uploads\/2026\/05\/cropped-new-logo-220.png","contentUrl":"https:\/\/nat7noticias.com.br\/wp-content\/uploads\/2026\/05\/cropped-new-logo-220.png","width":231,"height":49,"caption":"N7noticias"},"image":{"@id":"https:\/\/nat7noticias.com.br\/#\/schema\/logo\/image\/"}},{"@type":"Person","@id":"https:\/\/nat7noticias.com.br\/#\/schema\/person\/690b027d93c852a6570e0bbc814a1cf0","name":"Nadya Mayara","image":{"@type":"ImageObject","inLanguage":"pt-BR","@id":"https:\/\/nat7noticias.com.br\/#\/schema\/person\/image\/","url":"https:\/\/secure.gravatar.com\/avatar\/5c1565ad13ab2510c4efdacf6de389ff?s=96&d=mm&r=g","contentUrl":"https:\/\/secure.gravatar.com\/avatar\/5c1565ad13ab2510c4efdacf6de389ff?s=96&d=mm&r=g","caption":"Nadya Mayara"},"sameAs":["https:\/\/nat7noticias.com.br\/"],"url":"https:\/\/nat7noticias.com.br\/?author=2"}]}},"_links":{"self":[{"href":"https:\/\/nat7noticias.com.br\/index.php?rest_route=\/wp\/v2\/posts\/4621","targetHints":{"allow":["GET"]}}],"collection":[{"href":"https:\/\/nat7noticias.com.br\/index.php?rest_route=\/wp\/v2\/posts"}],"about":[{"href":"https:\/\/nat7noticias.com.br\/index.php?rest_route=\/wp\/v2\/types\/post"}],"author":[{"embeddable":true,"href":"https:\/\/nat7noticias.com.br\/index.php?rest_route=\/wp\/v2\/users\/2"}],"replies":[{"embeddable":true,"href":"https:\/\/nat7noticias.com.br\/index.php?rest_route=%2Fwp%2Fv2%2Fcomments&post=4621"}],"version-history":[{"count":1,"href":"https:\/\/nat7noticias.com.br\/index.php?rest_route=\/wp\/v2\/posts\/4621\/revisions"}],"predecessor-version":[{"id":4625,"href":"https:\/\/nat7noticias.com.br\/index.php?rest_route=\/wp\/v2\/posts\/4621\/revisions\/4625"}],"wp:featuredmedia":[{"embeddable":true,"href":"https:\/\/nat7noticias.com.br\/index.php?rest_route=\/wp\/v2\/media\/4624"}],"wp:attachment":[{"href":"https:\/\/nat7noticias.com.br\/index.php?rest_route=%2Fwp%2Fv2%2Fmedia&parent=4621"}],"wp:term":[{"taxonomy":"category","embeddable":true,"href":"https:\/\/nat7noticias.com.br\/index.php?rest_route=%2Fwp%2Fv2%2Fcategories&post=4621"},{"taxonomy":"post_tag","embeddable":true,"href":"https:\/\/nat7noticias.com.br\/index.php?rest_route=%2Fwp%2Fv2%2Ftags&post=4621"}],"curies":[{"name":"wp","href":"https:\/\/api.w.org\/{rel}","templated":true}]}}