{"id":4627,"date":"2026-09-02T08:36:02","date_gmt":"2026-09-02T11:36:02","guid":{"rendered":"https:\/\/nat7noticias.com.br\/?p=4627"},"modified":"2026-09-02T08:36:02","modified_gmt":"2026-09-02T11:36:02","slug":"em-gurupi-dari-fronza-e-mauricio-buffon-defendem-viabilizacao-de-projeto-para-travessia-da-ilha-do-bananal","status":"publish","type":"post","link":"https:\/\/nat7noticias.com.br\/?p=4627","title":{"rendered":"Em Gurupi, Dari Fronza e Maur\u00edcio Buffon defendem viabiliza\u00e7\u00e3o de projeto para travessia da Ilha do Bananal"},"content":{"rendered":"\n<p>Encontro reuniu produtores, comerciantes e moradores para discutir proposta da BR-242 apresentada pelo engenheiro Rubens Mazzaro<\/p>\n\n\n\n<p><strong>Por: Nadya Mayara <\/strong><\/p>\n\n\n\n<p>A viabiliza\u00e7\u00e3o do projeto para a travessia da Ilha do Bananal, na BR-242, foi tema de um encontro realizado nesta ter\u00e7a-feira (1\u00ba), em Gurupi, no sul do Tocantins. A reuni\u00e3o reuniu produtores rurais, comerciantes e moradores para discutir a proposta apresentada pelo engenheiro Rubens Mazzaro, que acompanha a pauta h\u00e1 anos.<\/p>\n\n\n\n<p>Durante o encontro, Mazzaro destacou o potencial da travessia para ampliar a integra\u00e7\u00e3o do Tocantins com outras regi\u00f5es do pa\u00eds, com reflexos no transporte, na log\u00edstica, na circula\u00e7\u00e3o de pessoas e no desenvolvimento econ\u00f4mico.<\/p>\n\n\n\n<p>A obra, no entanto, ainda n\u00e3o foi iniciada. A discuss\u00e3o teve como foco a necessidade de avan\u00e7ar na articula\u00e7\u00e3o para que o projeto possa sair do papel.<\/p>\n\n\n\n<p><strong>Projeto vai al\u00e9m da log\u00edstica<\/strong><\/p>\n\n\n\n<p>Segundo Mazzaro, a proposta n\u00e3o se limita ao setor produtivo. A travessia tamb\u00e9m poder\u00e1 contribuir para a integra\u00e7\u00e3o de comunidades da regi\u00e3o da Ilha do Bananal, incluindo povos ind\u00edgenas, al\u00e9m de facilitar o deslocamento entre diferentes localidades.<\/p>\n\n\n\n<p>Para produtores e comerciantes presentes, a melhoria da infraestrutura poder\u00e1 reduzir dificuldades de transporte, fortalecer atividades econ\u00f4micas e ampliar oportunidades de desenvolvimento regional.<\/p>\n\n\n\n<p>Dari Fronza e Maur\u00edcio Buffon refor\u00e7am apoioO encontro contou com a participa\u00e7\u00e3o de Dari Fronza, candidato a deputado estadual, e Maur\u00edcio Buffon, candidato a deputado federal. Os dois defenderam a necessidade de transformar a discuss\u00e3o em uma agenda pol\u00edtica capaz de avan\u00e7ar nas diferentes esferas de governo.<\/p>\n\n\n\n<p>Dari Fronza destacou que a infraestrutura \u00e9 fundamental para o crescimento do Tocantins e afirmou que pretende atuar na articula\u00e7\u00e3o da pauta no \u00e2mbito estadual.<\/p>\n\n\n\n<p>\u201cA travessia da Ilha do Bananal \u00e9 uma pauta que precisa ser tratada como estrat\u00e9gica para o Tocantins. Precisamos unir for\u00e7as, levar essa discuss\u00e3o para dentro das institui\u00e7\u00f5es e buscar os caminhos necess\u00e1rios para que esse projeto avance\u201d, afirmou Fronza.<\/p>\n\n\n\n<p>Maur\u00edcio Buffon ressaltou a import\u00e2ncia da articula\u00e7\u00e3o federal para viabilizar uma obra de impacto regional. Para ele, projetos dessa dimens\u00e3o exigem planejamento, uni\u00e3o pol\u00edtica e capacidade de di\u00e1logo com o Governo Federal.<\/p>\n\n\n\n<p>\u201cEstamos falando de um projeto que pode mudar a log\u00edstica e a integra\u00e7\u00e3o do Tocantins com outras regi\u00f5es. Se tivermos a oportunidade de representar o Estado em Bras\u00edlia, vamos trabalhar para abrir as portas, buscar recursos e construir a articula\u00e7\u00e3o necess\u00e1ria para que essa proposta possa avan\u00e7ar\u201d, afirmou Buffon.<\/p>\n\n\n\n<p>Mobiliza\u00e7\u00e3o para tirar o projeto do papelApesar de ser discutida h\u00e1 anos, a travessia ainda depende de avan\u00e7os para chegar \u00e0 etapa de execu\u00e7\u00e3o. Por isso, a mobiliza\u00e7\u00e3o de representantes do setor produtivo, da sociedade e da classe pol\u00edtica \u00e9 apontada como fundamental pelos defensores da proposta.<\/p>\n\n\n\n<p>O encontro em Gurupi aproximou o debate t\u00e9cnico apresentado por Mazzaro das demandas de quem vive e trabalha na regi\u00e3o e refor\u00e7ou a inten\u00e7\u00e3o de manter a pauta em discuss\u00e3o.O desafio, agora, \u00e9 transformar anos de estudos e debates em a\u00e7\u00f5es concretas que permitam avan\u00e7ar na viabiliza\u00e7\u00e3o do projeto e, posteriormente, na implanta\u00e7\u00e3o da travessia da Ilha do Bananal.<\/p>\n\n\n\n<figure class=\"wp-block-image size-large\"><img fetchpriority=\"high\" decoding=\"async\" width=\"987\" height=\"1024\" src=\"https:\/\/nat7noticias.com.br\/wp-content\/uploads\/2026\/09\/1002399853-987x1024.jpg\" alt=\"\" class=\"wp-image-4628\" srcset=\"https:\/\/nat7noticias.com.br\/wp-content\/uploads\/2026\/09\/1002399853-987x1024.jpg 987w, https:\/\/nat7noticias.com.br\/wp-content\/uploads\/2026\/09\/1002399853-289x300.jpg 289w, https:\/\/nat7noticias.com.br\/wp-content\/uploads\/2026\/09\/1002399853-768x797.jpg 768w, https:\/\/nat7noticias.com.br\/wp-content\/uploads\/2026\/09\/1002399853.jpg 1320w\" sizes=\"(max-width: 987px) 100vw, 987px\" \/><figcaption class=\"wp-element-caption\">Foto: Divulga\u00e7\u00e3o <\/figcaption><\/figure>\n\n\n\n<figure class=\"wp-block-image size-large\"><img decoding=\"async\" width=\"1008\" height=\"1024\" src=\"https:\/\/nat7noticias.com.br\/wp-content\/uploads\/2026\/09\/1002399852-1008x1024.jpg\" alt=\"\" class=\"wp-image-4629\" srcset=\"https:\/\/nat7noticias.com.br\/wp-content\/uploads\/2026\/09\/1002399852-1008x1024.jpg 1008w, https:\/\/nat7noticias.com.br\/wp-content\/uploads\/2026\/09\/1002399852-295x300.jpg 295w, https:\/\/nat7noticias.com.br\/wp-content\/uploads\/2026\/09\/1002399852-768x780.jpg 768w, https:\/\/nat7noticias.com.br\/wp-content\/uploads\/2026\/09\/1002399852.jpg 1320w\" sizes=\"(max-width: 1008px) 100vw, 1008px\" \/><figcaption class=\"wp-element-caption\">Foto: Divulga\u00e7\u00e3o <\/figcaption><\/figure>\n","protected":false},"excerpt":{"rendered":"<p>Encontro reuniu produtores, comerciantes e moradores para discutir proposta da BR-242 apresentada pelo engenheiro Rubens Mazzaro Por: Nadya Mayara A<\/p>\n","protected":false},"author":2,"featured_media":4630,"comment_status":"open","ping_status":"open","sticky":false,"template":"","format":"standard","meta":{"footnotes":""},"categories":[14],"tags":[],"class_list":["post-4627","post","type-post","status-publish","format-standard","has-post-thumbnail","hentry","category-politics"],"yoast_head":"<!-- This site is optimized with the Yoast SEO plugin v26.8 - https:\/\/yoast.com\/product\/yoast-seo-wordpress\/ -->\n<title>Em Gurupi, Dari Fronza e Maur\u00edcio Buffon defendem viabiliza\u00e7\u00e3o de projeto para travessia da Ilha do Bananal - N7noticias<\/title>\n<meta name=\"robots\" content=\"index, follow, max-snippet:-1, max-image-preview:large, max-video-preview:-1\" \/>\n<link rel=\"canonical\" href=\"https:\/\/nat7noticias.com.br\/?p=4627\" \/>\n<meta property=\"og:locale\" content=\"pt_BR\" \/>\n<meta property=\"og:type\" content=\"article\" \/>\n<meta property=\"og:title\" content=\"Em Gurupi, Dari Fronza e Maur\u00edcio Buffon defendem viabiliza\u00e7\u00e3o de projeto para travessia da Ilha do Bananal - N7noticias\" \/>\n<meta property=\"og:description\" content=\"Encontro reuniu produtores, comerciantes e moradores para discutir proposta da BR-242 apresentada pelo engenheiro Rubens Mazzaro Por: Nadya Mayara A\" \/>\n<meta property=\"og:url\" content=\"https:\/\/nat7noticias.com.br\/?p=4627\" \/>\n<meta property=\"og:site_name\" content=\"N7noticias\" \/>\n<meta property=\"article:published_time\" content=\"2026-09-02T11:36:02+00:00\" \/>\n<meta property=\"og:image\" content=\"https:\/\/nat7noticias.com.br\/wp-content\/uploads\/2026\/09\/IMG-20260902-WA0005.jpg\" \/>\n\t<meta property=\"og:image:width\" content=\"960\" \/>\n\t<meta property=\"og:image:height\" content=\"1280\" \/>\n\t<meta property=\"og:image:type\" content=\"image\/jpeg\" \/>\n<meta name=\"author\" content=\"Nadya Mayara\" \/>\n<meta name=\"twitter:card\" content=\"summary_large_image\" \/>\n<meta name=\"twitter:label1\" content=\"Escrito por\" \/>\n\t<meta name=\"twitter:data1\" content=\"Nadya Mayara\" \/>\n\t<meta name=\"twitter:label2\" content=\"Est. tempo de leitura\" \/>\n\t<meta name=\"twitter:data2\" content=\"4 minutos\" \/>\n<script type=\"application\/ld+json\" class=\"yoast-schema-graph\">{\"@context\":\"https:\/\/schema.org\",\"@graph\":[{\"@type\":\"Article\",\"@id\":\"https:\/\/nat7noticias.com.br\/?p=4627#article\",\"isPartOf\":{\"@id\":\"https:\/\/nat7noticias.com.br\/?p=4627\"},\"author\":{\"name\":\"Nadya Mayara\",\"@id\":\"https:\/\/nat7noticias.com.br\/#\/schema\/person\/690b027d93c852a6570e0bbc814a1cf0\"},\"headline\":\"Em Gurupi, Dari Fronza e Maur\u00edcio Buffon defendem viabiliza\u00e7\u00e3o de projeto para travessia da Ilha do Bananal\",\"datePublished\":\"2026-09-02T11:36:02+00:00\",\"mainEntityOfPage\":{\"@id\":\"https:\/\/nat7noticias.com.br\/?p=4627\"},\"wordCount\":578,\"commentCount\":0,\"publisher\":{\"@id\":\"https:\/\/nat7noticias.com.br\/#organization\"},\"image\":{\"@id\":\"https:\/\/nat7noticias.com.br\/?p=4627#primaryimage\"},\"thumbnailUrl\":\"https:\/\/nat7noticias.com.br\/wp-content\/uploads\/2026\/09\/IMG-20260902-WA0005.jpg\",\"articleSection\":[\"Pol\u00edtica\"],\"inLanguage\":\"pt-BR\",\"potentialAction\":[{\"@type\":\"CommentAction\",\"name\":\"Comment\",\"target\":[\"https:\/\/nat7noticias.com.br\/?p=4627#respond\"]}]},{\"@type\":\"WebPage\",\"@id\":\"https:\/\/nat7noticias.com.br\/?p=4627\",\"url\":\"https:\/\/nat7noticias.com.br\/?p=4627\",\"name\":\"Em Gurupi, Dari Fronza e Maur\u00edcio Buffon defendem viabiliza\u00e7\u00e3o de projeto para travessia da Ilha do Bananal - N7noticias\",\"isPartOf\":{\"@id\":\"https:\/\/nat7noticias.com.br\/#website\"},\"primaryImageOfPage\":{\"@id\":\"https:\/\/nat7noticias.com.br\/?p=4627#primaryimage\"},\"image\":{\"@id\":\"https:\/\/nat7noticias.com.br\/?p=4627#primaryimage\"},\"thumbnailUrl\":\"https:\/\/nat7noticias.com.br\/wp-content\/uploads\/2026\/09\/IMG-20260902-WA0005.jpg\",\"datePublished\":\"2026-09-02T11:36:02+00:00\",\"breadcrumb\":{\"@id\":\"https:\/\/nat7noticias.com.br\/?p=4627#breadcrumb\"},\"inLanguage\":\"pt-BR\",\"potentialAction\":[{\"@type\":\"ReadAction\",\"target\":[\"https:\/\/nat7noticias.com.br\/?p=4627\"]}]},{\"@type\":\"ImageObject\",\"inLanguage\":\"pt-BR\",\"@id\":\"https:\/\/nat7noticias.com.br\/?p=4627#primaryimage\",\"url\":\"https:\/\/nat7noticias.com.br\/wp-content\/uploads\/2026\/09\/IMG-20260902-WA0005.jpg\",\"contentUrl\":\"https:\/\/nat7noticias.com.br\/wp-content\/uploads\/2026\/09\/IMG-20260902-WA0005.jpg\",\"width\":960,\"height\":1280},{\"@type\":\"BreadcrumbList\",\"@id\":\"https:\/\/nat7noticias.com.br\/?p=4627#breadcrumb\",\"itemListElement\":[{\"@type\":\"ListItem\",\"position\":1,\"name\":\"In\u00edcio\",\"item\":\"https:\/\/nat7noticias.com.br\/\"},{\"@type\":\"ListItem\",\"position\":2,\"name\":\"Em Gurupi, Dari Fronza e Maur\u00edcio Buffon defendem viabiliza\u00e7\u00e3o de projeto para travessia da Ilha do Bananal\"}]},{\"@type\":\"WebSite\",\"@id\":\"https:\/\/nat7noticias.com.br\/#website\",\"url\":\"https:\/\/nat7noticias.com.br\/\",\"name\":\"N7noticias\",\"description\":\"\",\"publisher\":{\"@id\":\"https:\/\/nat7noticias.com.br\/#organization\"},\"potentialAction\":[{\"@type\":\"SearchAction\",\"target\":{\"@type\":\"EntryPoint\",\"urlTemplate\":\"https:\/\/nat7noticias.com.br\/?s={search_term_string}\"},\"query-input\":{\"@type\":\"PropertyValueSpecification\",\"valueRequired\":true,\"valueName\":\"search_term_string\"}}],\"inLanguage\":\"pt-BR\"},{\"@type\":\"Organization\",\"@id\":\"https:\/\/nat7noticias.com.br\/#organization\",\"name\":\"N7noticias\",\"url\":\"https:\/\/nat7noticias.com.br\/\",\"logo\":{\"@type\":\"ImageObject\",\"inLanguage\":\"pt-BR\",\"@id\":\"https:\/\/nat7noticias.com.br\/#\/schema\/logo\/image\/\",\"url\":\"https:\/\/nat7noticias.com.br\/wp-content\/uploads\/2026\/05\/cropped-new-logo-220.png\",\"contentUrl\":\"https:\/\/nat7noticias.com.br\/wp-content\/uploads\/2026\/05\/cropped-new-logo-220.png\",\"width\":231,\"height\":49,\"caption\":\"N7noticias\"},\"image\":{\"@id\":\"https:\/\/nat7noticias.com.br\/#\/schema\/logo\/image\/\"}},{\"@type\":\"Person\",\"@id\":\"https:\/\/nat7noticias.com.br\/#\/schema\/person\/690b027d93c852a6570e0bbc814a1cf0\",\"name\":\"Nadya Mayara\",\"image\":{\"@type\":\"ImageObject\",\"inLanguage\":\"pt-BR\",\"@id\":\"https:\/\/nat7noticias.com.br\/#\/schema\/person\/image\/\",\"url\":\"https:\/\/secure.gravatar.com\/avatar\/5c1565ad13ab2510c4efdacf6de389ff?s=96&d=mm&r=g\",\"contentUrl\":\"https:\/\/secure.gravatar.com\/avatar\/5c1565ad13ab2510c4efdacf6de389ff?s=96&d=mm&r=g\",\"caption\":\"Nadya Mayara\"},\"sameAs\":[\"https:\/\/nat7noticias.com.br\/\"],\"url\":\"https:\/\/nat7noticias.com.br\/?author=2\"}]}<\/script>\n<!-- \/ Yoast SEO plugin. -->","yoast_head_json":{"title":"Em Gurupi, Dari Fronza e Maur\u00edcio Buffon defendem viabiliza\u00e7\u00e3o de projeto para travessia da Ilha do Bananal - N7noticias","robots":{"index":"index","follow":"follow","max-snippet":"max-snippet:-1","max-image-preview":"max-image-preview:large","max-video-preview":"max-video-preview:-1"},"canonical":"https:\/\/nat7noticias.com.br\/?p=4627","og_locale":"pt_BR","og_type":"article","og_title":"Em Gurupi, Dari Fronza e Maur\u00edcio Buffon defendem viabiliza\u00e7\u00e3o de projeto para travessia da Ilha do Bananal - N7noticias","og_description":"Encontro reuniu produtores, comerciantes e moradores para discutir proposta da BR-242 apresentada pelo engenheiro Rubens Mazzaro Por: Nadya Mayara A","og_url":"https:\/\/nat7noticias.com.br\/?p=4627","og_site_name":"N7noticias","article_published_time":"2026-09-02T11:36:02+00:00","og_image":[{"width":960,"height":1280,"url":"https:\/\/nat7noticias.com.br\/wp-content\/uploads\/2026\/09\/IMG-20260902-WA0005.jpg","type":"image\/jpeg"}],"author":"Nadya Mayara","twitter_card":"summary_large_image","twitter_misc":{"Escrito por":"Nadya Mayara","Est. tempo de leitura":"4 minutos"},"schema":{"@context":"https:\/\/schema.org","@graph":[{"@type":"Article","@id":"https:\/\/nat7noticias.com.br\/?p=4627#article","isPartOf":{"@id":"https:\/\/nat7noticias.com.br\/?p=4627"},"author":{"name":"Nadya Mayara","@id":"https:\/\/nat7noticias.com.br\/#\/schema\/person\/690b027d93c852a6570e0bbc814a1cf0"},"headline":"Em Gurupi, Dari Fronza e Maur\u00edcio Buffon defendem viabiliza\u00e7\u00e3o de projeto para travessia da Ilha do Bananal","datePublished":"2026-09-02T11:36:02+00:00","mainEntityOfPage":{"@id":"https:\/\/nat7noticias.com.br\/?p=4627"},"wordCount":578,"commentCount":0,"publisher":{"@id":"https:\/\/nat7noticias.com.br\/#organization"},"image":{"@id":"https:\/\/nat7noticias.com.br\/?p=4627#primaryimage"},"thumbnailUrl":"https:\/\/nat7noticias.com.br\/wp-content\/uploads\/2026\/09\/IMG-20260902-WA0005.jpg","articleSection":["Pol\u00edtica"],"inLanguage":"pt-BR","potentialAction":[{"@type":"CommentAction","name":"Comment","target":["https:\/\/nat7noticias.com.br\/?p=4627#respond"]}]},{"@type":"WebPage","@id":"https:\/\/nat7noticias.com.br\/?p=4627","url":"https:\/\/nat7noticias.com.br\/?p=4627","name":"Em Gurupi, Dari Fronza e Maur\u00edcio Buffon defendem viabiliza\u00e7\u00e3o de projeto para travessia da Ilha do Bananal - N7noticias","isPartOf":{"@id":"https:\/\/nat7noticias.com.br\/#website"},"primaryImageOfPage":{"@id":"https:\/\/nat7noticias.com.br\/?p=4627#primaryimage"},"image":{"@id":"https:\/\/nat7noticias.com.br\/?p=4627#primaryimage"},"thumbnailUrl":"https:\/\/nat7noticias.com.br\/wp-content\/uploads\/2026\/09\/IMG-20260902-WA0005.jpg","datePublished":"2026-09-02T11:36:02+00:00","breadcrumb":{"@id":"https:\/\/nat7noticias.com.br\/?p=4627#breadcrumb"},"inLanguage":"pt-BR","potentialAction":[{"@type":"ReadAction","target":["https:\/\/nat7noticias.com.br\/?p=4627"]}]},{"@type":"ImageObject","inLanguage":"pt-BR","@id":"https:\/\/nat7noticias.com.br\/?p=4627#primaryimage","url":"https:\/\/nat7noticias.com.br\/wp-content\/uploads\/2026\/09\/IMG-20260902-WA0005.jpg","contentUrl":"https:\/\/nat7noticias.com.br\/wp-content\/uploads\/2026\/09\/IMG-20260902-WA0005.jpg","width":960,"height":1280},{"@type":"BreadcrumbList","@id":"https:\/\/nat7noticias.com.br\/?p=4627#breadcrumb","itemListElement":[{"@type":"ListItem","position":1,"name":"In\u00edcio","item":"https:\/\/nat7noticias.com.br\/"},{"@type":"ListItem","position":2,"name":"Em Gurupi, Dari Fronza e Maur\u00edcio Buffon defendem viabiliza\u00e7\u00e3o de projeto para travessia da Ilha do Bananal"}]},{"@type":"WebSite","@id":"https:\/\/nat7noticias.com.br\/#website","url":"https:\/\/nat7noticias.com.br\/","name":"N7noticias","description":"","publisher":{"@id":"https:\/\/nat7noticias.com.br\/#organization"},"potentialAction":[{"@type":"SearchAction","target":{"@type":"EntryPoint","urlTemplate":"https:\/\/nat7noticias.com.br\/?s={search_term_string}"},"query-input":{"@type":"PropertyValueSpecification","valueRequired":true,"valueName":"search_term_string"}}],"inLanguage":"pt-BR"},{"@type":"Organization","@id":"https:\/\/nat7noticias.com.br\/#organization","name":"N7noticias","url":"https:\/\/nat7noticias.com.br\/","logo":{"@type":"ImageObject","inLanguage":"pt-BR","@id":"https:\/\/nat7noticias.com.br\/#\/schema\/logo\/image\/","url":"https:\/\/nat7noticias.com.br\/wp-content\/uploads\/2026\/05\/cropped-new-logo-220.png","contentUrl":"https:\/\/nat7noticias.com.br\/wp-content\/uploads\/2026\/05\/cropped-new-logo-220.png","width":231,"height":49,"caption":"N7noticias"},"image":{"@id":"https:\/\/nat7noticias.com.br\/#\/schema\/logo\/image\/"}},{"@type":"Person","@id":"https:\/\/nat7noticias.com.br\/#\/schema\/person\/690b027d93c852a6570e0bbc814a1cf0","name":"Nadya Mayara","image":{"@type":"ImageObject","inLanguage":"pt-BR","@id":"https:\/\/nat7noticias.com.br\/#\/schema\/person\/image\/","url":"https:\/\/secure.gravatar.com\/avatar\/5c1565ad13ab2510c4efdacf6de389ff?s=96&d=mm&r=g","contentUrl":"https:\/\/secure.gravatar.com\/avatar\/5c1565ad13ab2510c4efdacf6de389ff?s=96&d=mm&r=g","caption":"Nadya Mayara"},"sameAs":["https:\/\/nat7noticias.com.br\/"],"url":"https:\/\/nat7noticias.com.br\/?author=2"}]}},"_links":{"self":[{"href":"https:\/\/nat7noticias.com.br\/index.php?rest_route=\/wp\/v2\/posts\/4627","targetHints":{"allow":["GET"]}}],"collection":[{"href":"https:\/\/nat7noticias.com.br\/index.php?rest_route=\/wp\/v2\/posts"}],"about":[{"href":"https:\/\/nat7noticias.com.br\/index.php?rest_route=\/wp\/v2\/types\/post"}],"author":[{"embeddable":true,"href":"https:\/\/nat7noticias.com.br\/index.php?rest_route=\/wp\/v2\/users\/2"}],"replies":[{"embeddable":true,"href":"https:\/\/nat7noticias.com.br\/index.php?rest_route=%2Fwp%2Fv2%2Fcomments&post=4627"}],"version-history":[{"count":1,"href":"https:\/\/nat7noticias.com.br\/index.php?rest_route=\/wp\/v2\/posts\/4627\/revisions"}],"predecessor-version":[{"id":4631,"href":"https:\/\/nat7noticias.com.br\/index.php?rest_route=\/wp\/v2\/posts\/4627\/revisions\/4631"}],"wp:featuredmedia":[{"embeddable":true,"href":"https:\/\/nat7noticias.com.br\/index.php?rest_route=\/wp\/v2\/media\/4630"}],"wp:attachment":[{"href":"https:\/\/nat7noticias.com.br\/index.php?rest_route=%2Fwp%2Fv2%2Fmedia&parent=4627"}],"wp:term":[{"taxonomy":"category","embeddable":true,"href":"https:\/\/nat7noticias.com.br\/index.php?rest_route=%2Fwp%2Fv2%2Fcategories&post=4627"},{"taxonomy":"post_tag","embeddable":true,"href":"https:\/\/nat7noticias.com.br\/index.php?rest_route=%2Fwp%2Fv2%2Ftags&post=4627"}],"curies":[{"name":"wp","href":"https:\/\/api.w.org\/{rel}","templated":true}]}}