{"id":4632,"date":"2026-09-02T11:54:24","date_gmt":"2026-09-02T14:54:24","guid":{"rendered":"https:\/\/nat7noticias.com.br\/?p=4632"},"modified":"2026-09-02T11:54:24","modified_gmt":"2026-09-02T14:54:24","slug":"silvaney-rabelo-defende-gestao-eficiente-fiscalizacao-e-mais-oportunidades-para-o-tocantins-durante-entrevista-em-podcast","status":"publish","type":"post","link":"https:\/\/nat7noticias.com.br\/?p=4632","title":{"rendered":"Silvaney Rabelo defende gest\u00e3o eficiente, fiscaliza\u00e7\u00e3o e mais oportunidades para o Tocantins durante entrevista em podcast"},"content":{"rendered":"\n<p>Candidato a deputado estadual pelo PRD participou do Porto M\u00eddia Entrevista ao lado do candidato a deputado federal F\u00e1bio Vaz e falou sobre trajet\u00f3ria pol\u00edtica, gest\u00e3o p\u00fablica, juventude e desenvolvimento regional<\/p>\n\n\n\n<p><strong>Por: Nadya Mayara <\/strong><\/p>\n\n\n\n<p>O candidato a deputado estadual Silvaney Rabelo (PRD) participou do podcast Porto M\u00eddia Entrevista, ao lado do candidato a deputado federal F\u00e1bio Vaz, onde apresentou sua trajet\u00f3ria pol\u00edtica e profissional e defendeu uma atua\u00e7\u00e3o voltada \u00e0 efici\u00eancia da gest\u00e3o p\u00fablica, fiscaliza\u00e7\u00e3o dos recursos e cria\u00e7\u00e3o de novas oportunidades para a popula\u00e7\u00e3o do Tocantins.<\/p>\n\n\n\n<p>Natural de Porto Nacional, Silvaney destacou a rela\u00e7\u00e3o constru\u00edda com o munic\u00edpio ao longo de sua trajet\u00f3ria, que inclui passagens como secret\u00e1rio municipal, vereador e presidente da C\u00e2mara Municipal por dois mandatos consecutivos. Segundo ele, representar Porto Nacional na Assembleia Legislativa significa levar para o Estado a experi\u00eancia adquirida diretamente no contato com a popula\u00e7\u00e3o.<\/p>\n\n\n\n<p>\u201cRepresentar Porto Nacional na Assembleia n\u00e3o \u00e9 simplesmente levar o nome da cidade para Palmas. \u00c9 levar a experi\u00eancia de quem vive aqui, conhece os bairros, conhece a zona rural, conversa com o comerciante, com o produtor, com o servidor p\u00fablico e sabe onde est\u00e3o os problemas\u201d, afirmou.<\/p>\n\n\n\n<p>Para o candidato, a atua\u00e7\u00e3o parlamentar precisa ser acompanhada de presen\u00e7a e presta\u00e7\u00e3o de contas. Ele defendeu que o eleitor tenha condi\u00e7\u00f5es de acompanhar o trabalho de seus representantes e cobrar resultados ao longo do mandato.<\/p>\n\n\n\n<p>\u201cDeputado n\u00e3o pode aparecer s\u00f3 na \u00e9poca da elei\u00e7\u00e3o. Representa\u00e7\u00e3o precisa ser presen\u00e7a\u201d, destacou. <\/p>\n\n\n\n<p>Gest\u00e3o p\u00fablica e responsabilidade com os recursosFormado em Contabilidade e com experi\u00eancia empresarial, Silvaney afirmou que a atua\u00e7\u00e3o no setor privado contribuiu para sua vis\u00e3o sobre administra\u00e7\u00e3o p\u00fablica. Ele defendeu maior controle sobre os gastos do Estado e acompanhamento dos resultados entregues \u00e0 popula\u00e7\u00e3o.<\/p>\n\n\n\n<p>\u201cA iniciativa privada me ensinou uma coisa muito simples: dinheiro tem dono e resultado tem que aparecer\u201d, declarou.<\/p>\n\n\n\n<p>Segundo ele, nem sempre a solu\u00e7\u00e3o para os problemas p\u00fablicos est\u00e1 simplesmente no aumento dos recursos dispon\u00edveis. Na avalia\u00e7\u00e3o do candidato, planejamento, defini\u00e7\u00e3o de prioridades e acompanhamento s\u00e3o fundamentais para garantir que o dinheiro p\u00fablico seja transformado em servi\u00e7os efetivos.<\/p>\n\n\n\n<p>\u201cEu n\u00e3o acredito naquela ideia de que para resolver tudo basta colocar mais dinheiro. \u00c0s vezes o problema n\u00e3o \u00e9 falta de recurso; \u00e9 falta de gest\u00e3o, prioridade e acompanhamento\u201d, afirmou.<\/p>\n\n\n\n<p>A experi\u00eancia como secret\u00e1rio de Gest\u00e3o e Governan\u00e7a tamb\u00e9m foi citada durante a entrevista. Silvaney disse ter aprendido, nesse per\u00edodo, que decis\u00f5es administrativas podem produzir impactos significativos na vida da popula\u00e7\u00e3o e que o poder p\u00fablico precisa trabalhar com planejamento.<\/p>\n\n\n\n<p>\u201cPromessa n\u00e3o \u00e9 resultado. O cidad\u00e3o n\u00e3o vive de an\u00fancio; ele vive do servi\u00e7o funcionando\u201d, disse.<\/p>\n\n\n\n<p>Experi\u00eancia no LegislativoAo falar sobre sua passagem pela C\u00e2mara Municipal de Porto Nacional, onde foi escolhido presidente por duas vezes consecutivas, Silvaney atribuiu o reconhecimento \u00e0 confian\u00e7a dos demais vereadores e destacou a responsabilidade inerente ao cargo.<\/p>\n\n\n\n<p>\u201cSer escolhido duas vezes significa que, de alguma maneira, os vereadores reconheceram capacidade de di\u00e1logo, equil\u00edbrio e disposi\u00e7\u00e3o para construir\u201d, afirmou.<\/p>\n\n\n\n<p>O candidato ressaltou ainda que considera a presid\u00eancia do Legislativo uma fun\u00e7\u00e3o institucional e n\u00e3o um instrumento de proje\u00e7\u00e3o pessoal.<\/p>\n\n\n\n<p>\u201cQuem ocupa uma cadeira por um per\u00edodo est\u00e1 administrando uma institui\u00e7\u00e3o que pertence \u00e0 popula\u00e7\u00e3o, n\u00e3o a uma pessoa\u201d, declarou.<\/p>\n\n\n\n<p><strong>Juventude, qualifica\u00e7\u00e3o e gera\u00e7\u00e3o de oportunidades<\/strong><\/p>\n\n\n\n<p>Outro ponto abordado durante a entrevista foi a participa\u00e7\u00e3o de Silvaney em iniciativas voltadas \u00e0 juventude, qualifica\u00e7\u00e3o profissional e esporte.<\/p>\n\n\n\n<p>Para o candidato, pol\u00edticas p\u00fablicas nessas \u00e1reas podem contribuir para modificar trajet\u00f3rias pessoais e ampliar as oportunidades de inser\u00e7\u00e3o no mercado de trabalho.<\/p>\n\n\n\n<p>\u201cQuando voc\u00ea oferece qualifica\u00e7\u00e3o profissional, n\u00e3o est\u00e1 apenas dando um curso. Est\u00e1 aumentando a possibilidade de aquela pessoa conseguir renda e independ\u00eancia\u201d, afirmou.<\/p>\n\n\n\n<p>Silvaney tamb\u00e9m defendeu que os jovens sejam tratados como protagonistas do desenvolvimento econ\u00f4mico do Estado. Na avalia\u00e7\u00e3o dele, o Tocantins precisa criar condi\u00e7\u00f5es para que a popula\u00e7\u00e3o mais jovem encontre oportunidades dentro do pr\u00f3prio Estado.<\/p>\n\n\n\n<p>\u201cJovem precisa ser tratado como for\u00e7a produtiva e como protagonista do desenvolvimento do Estado\u201d, destacou.<\/p>\n\n\n\n<p>Porto Nacional como cidade estrat\u00e9gicaDurante a conversa, o candidato tamb\u00e9m citou demandas que, segundo ele, s\u00e3o recorrentes entre os moradores de Porto Nacional, como sa\u00fade, infraestrutura, estradas, gera\u00e7\u00e3o de emprego, qualifica\u00e7\u00e3o profissional e oportunidades para a juventude.<\/p>\n\n\n\n<p>Silvaney afirmou, entretanto, que existe uma quest\u00e3o que atravessa todas essas demandas: a necessidade de fazer o poder p\u00fablico funcionar de maneira mais eficiente.<\/p>\n\n\n\n<p>\u201cSe falta ilumina\u00e7\u00e3o, querem ilumina\u00e7\u00e3o. Se precisam de atendimento de sa\u00fade, querem atendimento. Se procuram emprego, querem oportunidade\u201d, pontuou.<\/p>\n\n\n\n<p>O candidato tamb\u00e9m defendeu uma vis\u00e3o de desenvolvimento que considere as caracter\u00edsticas econ\u00f4micas e estrat\u00e9gicas do munic\u00edpio, citando \u00e1reas como produ\u00e7\u00e3o, turismo, com\u00e9rcio, servi\u00e7os e log\u00edstica.<\/p>\n\n\n\n<p>\u201cEu quero defender uma vis\u00e3o de Porto Nacional como cidade estrat\u00e9gica para o Tocantins, e n\u00e3o apenas como mais um munic\u00edpio que precisa pedir recursos\u201d, afirmou.<\/p>\n\n\n\n<p><strong>Forma\u00e7\u00e3o profissional conectada \u00e0 economia regional<\/strong><\/p>\n\n\n\n<p>Na avalia\u00e7\u00e3o do candidato, a qualifica\u00e7\u00e3o profissional precisa estar alinhada \u00e0s caracter\u00edsticas e potencialidades de cada regi\u00e3o do Tocantins.<\/p>\n\n\n\n<p>Ele citou como exemplos a agroind\u00fastria, o turismo e a log\u00edstica, defendendo que os programas de forma\u00e7\u00e3o sejam constru\u00eddos de acordo com as demandas existentes e com os setores que apresentam potencial de crescimento.<\/p>\n\n\n\n<p>\u201cN\u00e3o adianta formar pessoas para o mercado que gostar\u00edamos de ter. Precisamos formar para o mercado que o Tocantins j\u00e1 tem e para aquele que queremos construir\u201d, disse.<\/p>\n\n\n\n<p>Defesa do di\u00e1logo na AssembleiaSilvaney tamb\u00e9m falou sobre a forma como pretende atuar caso seja eleito para a Assembleia Legislativa. Com uma trajet\u00f3ria marcada pela articula\u00e7\u00e3o pol\u00edtica e pelo di\u00e1logo, afirmou que pretende manter uma postura firme, mas aberta \u00e0 constru\u00e7\u00e3o de consensos.<\/p>\n\n\n\n<p>\u201cEu n\u00e3o acredito em pol\u00edtica feita no grito. Voc\u00ea pode ter uma posi\u00e7\u00e3o firme sem transformar todo advers\u00e1rio pol\u00edtico em inimigo\u201d, afirmou.<\/p>\n\n\n\n<p>Segundo ele, diverg\u00eancias entre parlamentares fazem parte do processo democr\u00e1tico, mas n\u00e3o podem impedir a aprova\u00e7\u00e3o de medidas que beneficiem a popula\u00e7\u00e3o. \u201cMeu advers\u00e1rio pol\u00edtico n\u00e3o pode ser advers\u00e1rio do Tocantins\u201d, declarou.<\/p>\n\n\n\n<p>Ao final da entrevista, Silvaney pediu que os eleitores avaliem a trajet\u00f3ria e as propostas dos candidatos antes de escolher seus representantes. Ele afirmou que pretende pautar sua atua\u00e7\u00e3o pelo trabalho, fiscaliza\u00e7\u00e3o e presta\u00e7\u00e3o de contas.<\/p>\n\n\n\n<p>\u201cN\u00e3o quero chegar \u00e0 Assembleia prometendo que vou resolver tudo. Quero chegar dizendo que vou trabalhar, fiscalizar, cobrar e prestar contas\u201d, afirmou.<\/p>\n\n\n\n<p>Silvaney encerrou sua participa\u00e7\u00e3o refor\u00e7ando a ideia de que a pol\u00edtica deve estar voltada ao interesse coletivo.<\/p>\n\n\n\n<p>\u201cPol\u00edtica n\u00e3o pode ser um lugar onde a gente chega para se servir. \u00c9 um lugar onde a gente chega para servir. \u00c9 assim que eu quero fazer pol\u00edtica&#8221;.<\/p>\n\n\n\n<figure class=\"wp-block-image size-large\"><img fetchpriority=\"high\" decoding=\"async\" width=\"768\" height=\"1024\" src=\"https:\/\/nat7noticias.com.br\/wp-content\/uploads\/2026\/09\/1002400464-768x1024.jpg\" alt=\"\" class=\"wp-image-4633\" srcset=\"https:\/\/nat7noticias.com.br\/wp-content\/uploads\/2026\/09\/1002400464-768x1024.jpg 768w, https:\/\/nat7noticias.com.br\/wp-content\/uploads\/2026\/09\/1002400464-225x300.jpg 225w, https:\/\/nat7noticias.com.br\/wp-content\/uploads\/2026\/09\/1002400464-1152x1536.jpg 1152w, https:\/\/nat7noticias.com.br\/wp-content\/uploads\/2026\/09\/1002400464.jpg 1200w\" sizes=\"(max-width: 768px) 100vw, 768px\" \/><figcaption class=\"wp-element-caption\"><strong>Foto: Divulga\u00e7\u00e3o <\/strong><\/figcaption><\/figure>\n\n\n\n<figure class=\"wp-block-image size-large\"><img decoding=\"async\" width=\"768\" height=\"1024\" src=\"https:\/\/nat7noticias.com.br\/wp-content\/uploads\/2026\/09\/1002400463-768x1024.jpg\" alt=\"\" class=\"wp-image-4634\" srcset=\"https:\/\/nat7noticias.com.br\/wp-content\/uploads\/2026\/09\/1002400463-768x1024.jpg 768w, https:\/\/nat7noticias.com.br\/wp-content\/uploads\/2026\/09\/1002400463-225x300.jpg 225w, https:\/\/nat7noticias.com.br\/wp-content\/uploads\/2026\/09\/1002400463-1152x1536.jpg 1152w, https:\/\/nat7noticias.com.br\/wp-content\/uploads\/2026\/09\/1002400463.jpg 1200w\" sizes=\"(max-width: 768px) 100vw, 768px\" \/><figcaption class=\"wp-element-caption\"><strong>Foto: Divulga\u00e7\u00e3o <\/strong><\/figcaption><\/figure>\n","protected":false},"excerpt":{"rendered":"<p>Candidato a deputado estadual pelo PRD participou do Porto M\u00eddia Entrevista ao lado do candidato a deputado federal F\u00e1bio Vaz<\/p>\n","protected":false},"author":2,"featured_media":4635,"comment_status":"open","ping_status":"open","sticky":false,"template":"","format":"standard","meta":{"footnotes":""},"categories":[14],"tags":[],"class_list":["post-4632","post","type-post","status-publish","format-standard","has-post-thumbnail","hentry","category-politics"],"yoast_head":"<!-- This site is optimized with the Yoast SEO plugin v26.8 - https:\/\/yoast.com\/product\/yoast-seo-wordpress\/ -->\n<title>Silvaney Rabelo defende gest\u00e3o eficiente, fiscaliza\u00e7\u00e3o e mais oportunidades para o Tocantins durante entrevista em podcast - N7noticias<\/title>\n<meta name=\"robots\" content=\"index, follow, max-snippet:-1, max-image-preview:large, max-video-preview:-1\" \/>\n<link rel=\"canonical\" href=\"https:\/\/nat7noticias.com.br\/?p=4632\" \/>\n<meta property=\"og:locale\" content=\"pt_BR\" \/>\n<meta property=\"og:type\" content=\"article\" \/>\n<meta property=\"og:title\" content=\"Silvaney Rabelo defende gest\u00e3o eficiente, fiscaliza\u00e7\u00e3o e mais oportunidades para o Tocantins durante entrevista em podcast - N7noticias\" \/>\n<meta property=\"og:description\" content=\"Candidato a deputado estadual pelo PRD participou do Porto M\u00eddia Entrevista ao lado do candidato a deputado federal F\u00e1bio Vaz\" \/>\n<meta property=\"og:url\" content=\"https:\/\/nat7noticias.com.br\/?p=4632\" \/>\n<meta property=\"og:site_name\" content=\"N7noticias\" \/>\n<meta property=\"article:published_time\" content=\"2026-09-02T14:54:24+00:00\" \/>\n<meta property=\"og:image\" content=\"https:\/\/nat7noticias.com.br\/wp-content\/uploads\/2026\/09\/IMG-20260902-WA0025.jpg\" \/>\n\t<meta property=\"og:image:width\" content=\"900\" \/>\n\t<meta property=\"og:image:height\" content=\"1600\" \/>\n\t<meta property=\"og:image:type\" content=\"image\/jpeg\" \/>\n<meta name=\"author\" content=\"Nadya Mayara\" \/>\n<meta name=\"twitter:card\" content=\"summary_large_image\" \/>\n<meta name=\"twitter:label1\" content=\"Escrito por\" \/>\n\t<meta name=\"twitter:data1\" content=\"Nadya Mayara\" \/>\n\t<meta name=\"twitter:label2\" content=\"Est. tempo de leitura\" \/>\n\t<meta name=\"twitter:data2\" content=\"7 minutos\" \/>\n<script type=\"application\/ld+json\" class=\"yoast-schema-graph\">{\"@context\":\"https:\/\/schema.org\",\"@graph\":[{\"@type\":\"Article\",\"@id\":\"https:\/\/nat7noticias.com.br\/?p=4632#article\",\"isPartOf\":{\"@id\":\"https:\/\/nat7noticias.com.br\/?p=4632\"},\"author\":{\"name\":\"Nadya Mayara\",\"@id\":\"https:\/\/nat7noticias.com.br\/#\/schema\/person\/690b027d93c852a6570e0bbc814a1cf0\"},\"headline\":\"Silvaney Rabelo defende gest\u00e3o eficiente, fiscaliza\u00e7\u00e3o e mais oportunidades para o Tocantins durante entrevista em podcast\",\"datePublished\":\"2026-09-02T14:54:24+00:00\",\"mainEntityOfPage\":{\"@id\":\"https:\/\/nat7noticias.com.br\/?p=4632\"},\"wordCount\":1248,\"commentCount\":0,\"publisher\":{\"@id\":\"https:\/\/nat7noticias.com.br\/#organization\"},\"image\":{\"@id\":\"https:\/\/nat7noticias.com.br\/?p=4632#primaryimage\"},\"thumbnailUrl\":\"https:\/\/nat7noticias.com.br\/wp-content\/uploads\/2026\/09\/IMG-20260902-WA0025.jpg\",\"articleSection\":[\"Pol\u00edtica\"],\"inLanguage\":\"pt-BR\",\"potentialAction\":[{\"@type\":\"CommentAction\",\"name\":\"Comment\",\"target\":[\"https:\/\/nat7noticias.com.br\/?p=4632#respond\"]}]},{\"@type\":\"WebPage\",\"@id\":\"https:\/\/nat7noticias.com.br\/?p=4632\",\"url\":\"https:\/\/nat7noticias.com.br\/?p=4632\",\"name\":\"Silvaney Rabelo defende gest\u00e3o eficiente, fiscaliza\u00e7\u00e3o e mais oportunidades para o Tocantins durante entrevista em podcast - N7noticias\",\"isPartOf\":{\"@id\":\"https:\/\/nat7noticias.com.br\/#website\"},\"primaryImageOfPage\":{\"@id\":\"https:\/\/nat7noticias.com.br\/?p=4632#primaryimage\"},\"image\":{\"@id\":\"https:\/\/nat7noticias.com.br\/?p=4632#primaryimage\"},\"thumbnailUrl\":\"https:\/\/nat7noticias.com.br\/wp-content\/uploads\/2026\/09\/IMG-20260902-WA0025.jpg\",\"datePublished\":\"2026-09-02T14:54:24+00:00\",\"breadcrumb\":{\"@id\":\"https:\/\/nat7noticias.com.br\/?p=4632#breadcrumb\"},\"inLanguage\":\"pt-BR\",\"potentialAction\":[{\"@type\":\"ReadAction\",\"target\":[\"https:\/\/nat7noticias.com.br\/?p=4632\"]}]},{\"@type\":\"ImageObject\",\"inLanguage\":\"pt-BR\",\"@id\":\"https:\/\/nat7noticias.com.br\/?p=4632#primaryimage\",\"url\":\"https:\/\/nat7noticias.com.br\/wp-content\/uploads\/2026\/09\/IMG-20260902-WA0025.jpg\",\"contentUrl\":\"https:\/\/nat7noticias.com.br\/wp-content\/uploads\/2026\/09\/IMG-20260902-WA0025.jpg\",\"width\":900,\"height\":1600},{\"@type\":\"BreadcrumbList\",\"@id\":\"https:\/\/nat7noticias.com.br\/?p=4632#breadcrumb\",\"itemListElement\":[{\"@type\":\"ListItem\",\"position\":1,\"name\":\"In\u00edcio\",\"item\":\"https:\/\/nat7noticias.com.br\/\"},{\"@type\":\"ListItem\",\"position\":2,\"name\":\"Silvaney Rabelo defende gest\u00e3o eficiente, fiscaliza\u00e7\u00e3o e mais oportunidades para o Tocantins durante entrevista em podcast\"}]},{\"@type\":\"WebSite\",\"@id\":\"https:\/\/nat7noticias.com.br\/#website\",\"url\":\"https:\/\/nat7noticias.com.br\/\",\"name\":\"N7noticias\",\"description\":\"\",\"publisher\":{\"@id\":\"https:\/\/nat7noticias.com.br\/#organization\"},\"potentialAction\":[{\"@type\":\"SearchAction\",\"target\":{\"@type\":\"EntryPoint\",\"urlTemplate\":\"https:\/\/nat7noticias.com.br\/?s={search_term_string}\"},\"query-input\":{\"@type\":\"PropertyValueSpecification\",\"valueRequired\":true,\"valueName\":\"search_term_string\"}}],\"inLanguage\":\"pt-BR\"},{\"@type\":\"Organization\",\"@id\":\"https:\/\/nat7noticias.com.br\/#organization\",\"name\":\"N7noticias\",\"url\":\"https:\/\/nat7noticias.com.br\/\",\"logo\":{\"@type\":\"ImageObject\",\"inLanguage\":\"pt-BR\",\"@id\":\"https:\/\/nat7noticias.com.br\/#\/schema\/logo\/image\/\",\"url\":\"https:\/\/nat7noticias.com.br\/wp-content\/uploads\/2026\/05\/cropped-new-logo-220.png\",\"contentUrl\":\"https:\/\/nat7noticias.com.br\/wp-content\/uploads\/2026\/05\/cropped-new-logo-220.png\",\"width\":231,\"height\":49,\"caption\":\"N7noticias\"},\"image\":{\"@id\":\"https:\/\/nat7noticias.com.br\/#\/schema\/logo\/image\/\"}},{\"@type\":\"Person\",\"@id\":\"https:\/\/nat7noticias.com.br\/#\/schema\/person\/690b027d93c852a6570e0bbc814a1cf0\",\"name\":\"Nadya Mayara\",\"image\":{\"@type\":\"ImageObject\",\"inLanguage\":\"pt-BR\",\"@id\":\"https:\/\/nat7noticias.com.br\/#\/schema\/person\/image\/\",\"url\":\"https:\/\/secure.gravatar.com\/avatar\/5c1565ad13ab2510c4efdacf6de389ff?s=96&d=mm&r=g\",\"contentUrl\":\"https:\/\/secure.gravatar.com\/avatar\/5c1565ad13ab2510c4efdacf6de389ff?s=96&d=mm&r=g\",\"caption\":\"Nadya Mayara\"},\"sameAs\":[\"https:\/\/nat7noticias.com.br\/\"],\"url\":\"https:\/\/nat7noticias.com.br\/?author=2\"}]}<\/script>\n<!-- \/ Yoast SEO plugin. -->","yoast_head_json":{"title":"Silvaney Rabelo defende gest\u00e3o eficiente, fiscaliza\u00e7\u00e3o e mais oportunidades para o Tocantins durante entrevista em podcast - N7noticias","robots":{"index":"index","follow":"follow","max-snippet":"max-snippet:-1","max-image-preview":"max-image-preview:large","max-video-preview":"max-video-preview:-1"},"canonical":"https:\/\/nat7noticias.com.br\/?p=4632","og_locale":"pt_BR","og_type":"article","og_title":"Silvaney Rabelo defende gest\u00e3o eficiente, fiscaliza\u00e7\u00e3o e mais oportunidades para o Tocantins durante entrevista em podcast - N7noticias","og_description":"Candidato a deputado estadual pelo PRD participou do Porto M\u00eddia Entrevista ao lado do candidato a deputado federal F\u00e1bio Vaz","og_url":"https:\/\/nat7noticias.com.br\/?p=4632","og_site_name":"N7noticias","article_published_time":"2026-09-02T14:54:24+00:00","og_image":[{"width":900,"height":1600,"url":"https:\/\/nat7noticias.com.br\/wp-content\/uploads\/2026\/09\/IMG-20260902-WA0025.jpg","type":"image\/jpeg"}],"author":"Nadya Mayara","twitter_card":"summary_large_image","twitter_misc":{"Escrito por":"Nadya Mayara","Est. tempo de leitura":"7 minutos"},"schema":{"@context":"https:\/\/schema.org","@graph":[{"@type":"Article","@id":"https:\/\/nat7noticias.com.br\/?p=4632#article","isPartOf":{"@id":"https:\/\/nat7noticias.com.br\/?p=4632"},"author":{"name":"Nadya Mayara","@id":"https:\/\/nat7noticias.com.br\/#\/schema\/person\/690b027d93c852a6570e0bbc814a1cf0"},"headline":"Silvaney Rabelo defende gest\u00e3o eficiente, fiscaliza\u00e7\u00e3o e mais oportunidades para o Tocantins durante entrevista em podcast","datePublished":"2026-09-02T14:54:24+00:00","mainEntityOfPage":{"@id":"https:\/\/nat7noticias.com.br\/?p=4632"},"wordCount":1248,"commentCount":0,"publisher":{"@id":"https:\/\/nat7noticias.com.br\/#organization"},"image":{"@id":"https:\/\/nat7noticias.com.br\/?p=4632#primaryimage"},"thumbnailUrl":"https:\/\/nat7noticias.com.br\/wp-content\/uploads\/2026\/09\/IMG-20260902-WA0025.jpg","articleSection":["Pol\u00edtica"],"inLanguage":"pt-BR","potentialAction":[{"@type":"CommentAction","name":"Comment","target":["https:\/\/nat7noticias.com.br\/?p=4632#respond"]}]},{"@type":"WebPage","@id":"https:\/\/nat7noticias.com.br\/?p=4632","url":"https:\/\/nat7noticias.com.br\/?p=4632","name":"Silvaney Rabelo defende gest\u00e3o eficiente, fiscaliza\u00e7\u00e3o e mais oportunidades para o Tocantins durante entrevista em podcast - N7noticias","isPartOf":{"@id":"https:\/\/nat7noticias.com.br\/#website"},"primaryImageOfPage":{"@id":"https:\/\/nat7noticias.com.br\/?p=4632#primaryimage"},"image":{"@id":"https:\/\/nat7noticias.com.br\/?p=4632#primaryimage"},"thumbnailUrl":"https:\/\/nat7noticias.com.br\/wp-content\/uploads\/2026\/09\/IMG-20260902-WA0025.jpg","datePublished":"2026-09-02T14:54:24+00:00","breadcrumb":{"@id":"https:\/\/nat7noticias.com.br\/?p=4632#breadcrumb"},"inLanguage":"pt-BR","potentialAction":[{"@type":"ReadAction","target":["https:\/\/nat7noticias.com.br\/?p=4632"]}]},{"@type":"ImageObject","inLanguage":"pt-BR","@id":"https:\/\/nat7noticias.com.br\/?p=4632#primaryimage","url":"https:\/\/nat7noticias.com.br\/wp-content\/uploads\/2026\/09\/IMG-20260902-WA0025.jpg","contentUrl":"https:\/\/nat7noticias.com.br\/wp-content\/uploads\/2026\/09\/IMG-20260902-WA0025.jpg","width":900,"height":1600},{"@type":"BreadcrumbList","@id":"https:\/\/nat7noticias.com.br\/?p=4632#breadcrumb","itemListElement":[{"@type":"ListItem","position":1,"name":"In\u00edcio","item":"https:\/\/nat7noticias.com.br\/"},{"@type":"ListItem","position":2,"name":"Silvaney Rabelo defende gest\u00e3o eficiente, fiscaliza\u00e7\u00e3o e mais oportunidades para o Tocantins durante entrevista em podcast"}]},{"@type":"WebSite","@id":"https:\/\/nat7noticias.com.br\/#website","url":"https:\/\/nat7noticias.com.br\/","name":"N7noticias","description":"","publisher":{"@id":"https:\/\/nat7noticias.com.br\/#organization"},"potentialAction":[{"@type":"SearchAction","target":{"@type":"EntryPoint","urlTemplate":"https:\/\/nat7noticias.com.br\/?s={search_term_string}"},"query-input":{"@type":"PropertyValueSpecification","valueRequired":true,"valueName":"search_term_string"}}],"inLanguage":"pt-BR"},{"@type":"Organization","@id":"https:\/\/nat7noticias.com.br\/#organization","name":"N7noticias","url":"https:\/\/nat7noticias.com.br\/","logo":{"@type":"ImageObject","inLanguage":"pt-BR","@id":"https:\/\/nat7noticias.com.br\/#\/schema\/logo\/image\/","url":"https:\/\/nat7noticias.com.br\/wp-content\/uploads\/2026\/05\/cropped-new-logo-220.png","contentUrl":"https:\/\/nat7noticias.com.br\/wp-content\/uploads\/2026\/05\/cropped-new-logo-220.png","width":231,"height":49,"caption":"N7noticias"},"image":{"@id":"https:\/\/nat7noticias.com.br\/#\/schema\/logo\/image\/"}},{"@type":"Person","@id":"https:\/\/nat7noticias.com.br\/#\/schema\/person\/690b027d93c852a6570e0bbc814a1cf0","name":"Nadya Mayara","image":{"@type":"ImageObject","inLanguage":"pt-BR","@id":"https:\/\/nat7noticias.com.br\/#\/schema\/person\/image\/","url":"https:\/\/secure.gravatar.com\/avatar\/5c1565ad13ab2510c4efdacf6de389ff?s=96&d=mm&r=g","contentUrl":"https:\/\/secure.gravatar.com\/avatar\/5c1565ad13ab2510c4efdacf6de389ff?s=96&d=mm&r=g","caption":"Nadya Mayara"},"sameAs":["https:\/\/nat7noticias.com.br\/"],"url":"https:\/\/nat7noticias.com.br\/?author=2"}]}},"_links":{"self":[{"href":"https:\/\/nat7noticias.com.br\/index.php?rest_route=\/wp\/v2\/posts\/4632","targetHints":{"allow":["GET"]}}],"collection":[{"href":"https:\/\/nat7noticias.com.br\/index.php?rest_route=\/wp\/v2\/posts"}],"about":[{"href":"https:\/\/nat7noticias.com.br\/index.php?rest_route=\/wp\/v2\/types\/post"}],"author":[{"embeddable":true,"href":"https:\/\/nat7noticias.com.br\/index.php?rest_route=\/wp\/v2\/users\/2"}],"replies":[{"embeddable":true,"href":"https:\/\/nat7noticias.com.br\/index.php?rest_route=%2Fwp%2Fv2%2Fcomments&post=4632"}],"version-history":[{"count":1,"href":"https:\/\/nat7noticias.com.br\/index.php?rest_route=\/wp\/v2\/posts\/4632\/revisions"}],"predecessor-version":[{"id":4636,"href":"https:\/\/nat7noticias.com.br\/index.php?rest_route=\/wp\/v2\/posts\/4632\/revisions\/4636"}],"wp:featuredmedia":[{"embeddable":true,"href":"https:\/\/nat7noticias.com.br\/index.php?rest_route=\/wp\/v2\/media\/4635"}],"wp:attachment":[{"href":"https:\/\/nat7noticias.com.br\/index.php?rest_route=%2Fwp%2Fv2%2Fmedia&parent=4632"}],"wp:term":[{"taxonomy":"category","embeddable":true,"href":"https:\/\/nat7noticias.com.br\/index.php?rest_route=%2Fwp%2Fv2%2Fcategories&post=4632"},{"taxonomy":"post_tag","embeddable":true,"href":"https:\/\/nat7noticias.com.br\/index.php?rest_route=%2Fwp%2Fv2%2Ftags&post=4632"}],"curies":[{"name":"wp","href":"https:\/\/api.w.org\/{rel}","templated":true}]}}