{"id":4637,"date":"2026-09-02T11:59:05","date_gmt":"2026-09-02T14:59:05","guid":{"rendered":"https:\/\/nat7noticias.com.br\/?p=4637"},"modified":"2026-09-02T11:59:05","modified_gmt":"2026-09-02T14:59:05","slug":"silvaney-rabelo-e-fabio-vaz-participam-de-reuniao-com-apoiadores-em-porto-nacional","status":"publish","type":"post","link":"https:\/\/nat7noticias.com.br\/?p=4637","title":{"rendered":"Silvaney Rabelo e F\u00e1bio Vaz participam de reuni\u00e3o com apoiadores em Porto Nacional"},"content":{"rendered":"\n<p>Encontro foi marcado por di\u00e1logo e aproxima\u00e7\u00e3o com o p\u00fablico durante a campanha eleitoral<\/p>\n\n\n\n<p><strong>Por: Nadya Mayara <\/strong><\/p>\n\n\n\n<p>O candidato a deputado estadual Silvaney Rabelo participou, na noite desta ter\u00e7a-feira (1\u00ba), de uma reuni\u00e3o com apoiadores em Porto Nacional ao lado do candidato a deputado federal F\u00e1bio Vaz. O encontro foi marcado pelo di\u00e1logo com o p\u00fablico, momentos de intera\u00e7\u00e3o e apresenta\u00e7\u00e3o das propostas defendidas pelos candidatos.<\/p>\n\n\n\n<p>Realizada em Porto Nacional, a reuni\u00e3o reuniu apoiadores e lideran\u00e7as que acompanham o processo eleitoral. Durante o encontro, Silvaney Rabelo destacou a import\u00e2ncia de manter uma rela\u00e7\u00e3o pr\u00f3xima com a popula\u00e7\u00e3o e de ouvir diretamente as demandas do munic\u00edpio e da regi\u00e3o.<\/p>\n\n\n\n<p>F\u00e1bio Vaz tamb\u00e9m participou das atividades e interagiu com os presentes, apresentando suas perspectivas para o desenvolvimento do Tocantins e refor\u00e7ando a import\u00e2ncia da participa\u00e7\u00e3o dos apoiadores no processo eleitoral.<\/p>\n\n\n\n<p>A reuni\u00e3o faz parte da agenda de campanha dos candidatos, que t\u00eam ampliado o di\u00e1logo com a popula\u00e7\u00e3o e realizado encontros para apresentar propostas e ouvir as principais demandas dos munic\u00edpios tocantinenses.<\/p>\n\n\n\n<figure class=\"wp-block-image size-large\"><img fetchpriority=\"high\" decoding=\"async\" width=\"1024\" height=\"903\" src=\"https:\/\/nat7noticias.com.br\/wp-content\/uploads\/2026\/09\/1002400429-1024x903.jpg\" alt=\"\" class=\"wp-image-4638\" srcset=\"https:\/\/nat7noticias.com.br\/wp-content\/uploads\/2026\/09\/1002400429-1024x903.jpg 1024w, https:\/\/nat7noticias.com.br\/wp-content\/uploads\/2026\/09\/1002400429-300x265.jpg 300w, https:\/\/nat7noticias.com.br\/wp-content\/uploads\/2026\/09\/1002400429-768x677.jpg 768w, https:\/\/nat7noticias.com.br\/wp-content\/uploads\/2026\/09\/1002400429.jpg 1320w\" sizes=\"(max-width: 1024px) 100vw, 1024px\" \/><figcaption class=\"wp-element-caption\"><strong>Foto: Divulga\u00e7\u00e3o <\/strong><\/figcaption><\/figure>\n\n\n\n<figure class=\"wp-block-image size-large\"><img decoding=\"async\" width=\"1024\" height=\"745\" src=\"https:\/\/nat7noticias.com.br\/wp-content\/uploads\/2026\/09\/1002400430-1024x745.jpg\" alt=\"\" class=\"wp-image-4639\" srcset=\"https:\/\/nat7noticias.com.br\/wp-content\/uploads\/2026\/09\/1002400430-1024x745.jpg 1024w, https:\/\/nat7noticias.com.br\/wp-content\/uploads\/2026\/09\/1002400430-300x218.jpg 300w, https:\/\/nat7noticias.com.br\/wp-content\/uploads\/2026\/09\/1002400430-768x559.jpg 768w, https:\/\/nat7noticias.com.br\/wp-content\/uploads\/2026\/09\/1002400430.jpg 1320w\" sizes=\"(max-width: 1024px) 100vw, 1024px\" \/><figcaption class=\"wp-element-caption\"><strong>Foto: Divulga\u00e7\u00e3o <\/strong><\/figcaption><\/figure>\n","protected":false},"excerpt":{"rendered":"<p>Encontro foi marcado por di\u00e1logo e aproxima\u00e7\u00e3o com o p\u00fablico durante a campanha eleitoral Por: Nadya Mayara O candidato a<\/p>\n","protected":false},"author":2,"featured_media":4640,"comment_status":"open","ping_status":"open","sticky":false,"template":"","format":"standard","meta":{"footnotes":""},"categories":[14],"tags":[],"class_list":["post-4637","post","type-post","status-publish","format-standard","has-post-thumbnail","hentry","category-politics"],"yoast_head":"<!-- This site is optimized with the Yoast SEO plugin v26.8 - https:\/\/yoast.com\/product\/yoast-seo-wordpress\/ -->\n<title>Silvaney Rabelo e F\u00e1bio Vaz participam de reuni\u00e3o com apoiadores em Porto Nacional - N7noticias<\/title>\n<meta name=\"robots\" content=\"index, follow, max-snippet:-1, max-image-preview:large, max-video-preview:-1\" \/>\n<link rel=\"canonical\" href=\"https:\/\/nat7noticias.com.br\/?p=4637\" \/>\n<meta property=\"og:locale\" content=\"pt_BR\" \/>\n<meta property=\"og:type\" content=\"article\" \/>\n<meta property=\"og:title\" content=\"Silvaney Rabelo e F\u00e1bio Vaz participam de reuni\u00e3o com apoiadores em Porto Nacional - N7noticias\" \/>\n<meta property=\"og:description\" content=\"Encontro foi marcado por di\u00e1logo e aproxima\u00e7\u00e3o com o p\u00fablico durante a campanha eleitoral Por: Nadya Mayara O candidato a\" \/>\n<meta property=\"og:url\" content=\"https:\/\/nat7noticias.com.br\/?p=4637\" \/>\n<meta property=\"og:site_name\" content=\"N7noticias\" \/>\n<meta property=\"article:published_time\" content=\"2026-09-02T14:59:05+00:00\" \/>\n<meta property=\"og:image\" content=\"https:\/\/nat7noticias.com.br\/wp-content\/uploads\/2026\/09\/IMG-20260902-WA0019.jpg\" \/>\n\t<meta property=\"og:image:width\" content=\"952\" \/>\n\t<meta property=\"og:image:height\" content=\"623\" \/>\n\t<meta property=\"og:image:type\" content=\"image\/jpeg\" \/>\n<meta name=\"author\" content=\"Nadya Mayara\" \/>\n<meta name=\"twitter:card\" content=\"summary_large_image\" \/>\n<meta name=\"twitter:label1\" content=\"Escrito por\" \/>\n\t<meta name=\"twitter:data1\" content=\"Nadya Mayara\" \/>\n\t<meta name=\"twitter:label2\" content=\"Est. tempo de leitura\" \/>\n\t<meta name=\"twitter:data2\" content=\"2 minutos\" \/>\n<script type=\"application\/ld+json\" class=\"yoast-schema-graph\">{\"@context\":\"https:\/\/schema.org\",\"@graph\":[{\"@type\":\"Article\",\"@id\":\"https:\/\/nat7noticias.com.br\/?p=4637#article\",\"isPartOf\":{\"@id\":\"https:\/\/nat7noticias.com.br\/?p=4637\"},\"author\":{\"name\":\"Nadya Mayara\",\"@id\":\"https:\/\/nat7noticias.com.br\/#\/schema\/person\/690b027d93c852a6570e0bbc814a1cf0\"},\"headline\":\"Silvaney Rabelo e F\u00e1bio Vaz participam de reuni\u00e3o com apoiadores em Porto Nacional\",\"datePublished\":\"2026-09-02T14:59:05+00:00\",\"mainEntityOfPage\":{\"@id\":\"https:\/\/nat7noticias.com.br\/?p=4637\"},\"wordCount\":218,\"commentCount\":0,\"publisher\":{\"@id\":\"https:\/\/nat7noticias.com.br\/#organization\"},\"image\":{\"@id\":\"https:\/\/nat7noticias.com.br\/?p=4637#primaryimage\"},\"thumbnailUrl\":\"https:\/\/nat7noticias.com.br\/wp-content\/uploads\/2026\/09\/IMG-20260902-WA0019.jpg\",\"articleSection\":[\"Pol\u00edtica\"],\"inLanguage\":\"pt-BR\",\"potentialAction\":[{\"@type\":\"CommentAction\",\"name\":\"Comment\",\"target\":[\"https:\/\/nat7noticias.com.br\/?p=4637#respond\"]}]},{\"@type\":\"WebPage\",\"@id\":\"https:\/\/nat7noticias.com.br\/?p=4637\",\"url\":\"https:\/\/nat7noticias.com.br\/?p=4637\",\"name\":\"Silvaney Rabelo e F\u00e1bio Vaz participam de reuni\u00e3o com apoiadores em Porto Nacional - N7noticias\",\"isPartOf\":{\"@id\":\"https:\/\/nat7noticias.com.br\/#website\"},\"primaryImageOfPage\":{\"@id\":\"https:\/\/nat7noticias.com.br\/?p=4637#primaryimage\"},\"image\":{\"@id\":\"https:\/\/nat7noticias.com.br\/?p=4637#primaryimage\"},\"thumbnailUrl\":\"https:\/\/nat7noticias.com.br\/wp-content\/uploads\/2026\/09\/IMG-20260902-WA0019.jpg\",\"datePublished\":\"2026-09-02T14:59:05+00:00\",\"breadcrumb\":{\"@id\":\"https:\/\/nat7noticias.com.br\/?p=4637#breadcrumb\"},\"inLanguage\":\"pt-BR\",\"potentialAction\":[{\"@type\":\"ReadAction\",\"target\":[\"https:\/\/nat7noticias.com.br\/?p=4637\"]}]},{\"@type\":\"ImageObject\",\"inLanguage\":\"pt-BR\",\"@id\":\"https:\/\/nat7noticias.com.br\/?p=4637#primaryimage\",\"url\":\"https:\/\/nat7noticias.com.br\/wp-content\/uploads\/2026\/09\/IMG-20260902-WA0019.jpg\",\"contentUrl\":\"https:\/\/nat7noticias.com.br\/wp-content\/uploads\/2026\/09\/IMG-20260902-WA0019.jpg\",\"width\":952,\"height\":623},{\"@type\":\"BreadcrumbList\",\"@id\":\"https:\/\/nat7noticias.com.br\/?p=4637#breadcrumb\",\"itemListElement\":[{\"@type\":\"ListItem\",\"position\":1,\"name\":\"In\u00edcio\",\"item\":\"https:\/\/nat7noticias.com.br\/\"},{\"@type\":\"ListItem\",\"position\":2,\"name\":\"Silvaney Rabelo e F\u00e1bio Vaz participam de reuni\u00e3o com apoiadores em Porto Nacional\"}]},{\"@type\":\"WebSite\",\"@id\":\"https:\/\/nat7noticias.com.br\/#website\",\"url\":\"https:\/\/nat7noticias.com.br\/\",\"name\":\"N7noticias\",\"description\":\"\",\"publisher\":{\"@id\":\"https:\/\/nat7noticias.com.br\/#organization\"},\"potentialAction\":[{\"@type\":\"SearchAction\",\"target\":{\"@type\":\"EntryPoint\",\"urlTemplate\":\"https:\/\/nat7noticias.com.br\/?s={search_term_string}\"},\"query-input\":{\"@type\":\"PropertyValueSpecification\",\"valueRequired\":true,\"valueName\":\"search_term_string\"}}],\"inLanguage\":\"pt-BR\"},{\"@type\":\"Organization\",\"@id\":\"https:\/\/nat7noticias.com.br\/#organization\",\"name\":\"N7noticias\",\"url\":\"https:\/\/nat7noticias.com.br\/\",\"logo\":{\"@type\":\"ImageObject\",\"inLanguage\":\"pt-BR\",\"@id\":\"https:\/\/nat7noticias.com.br\/#\/schema\/logo\/image\/\",\"url\":\"https:\/\/nat7noticias.com.br\/wp-content\/uploads\/2026\/05\/cropped-new-logo-220.png\",\"contentUrl\":\"https:\/\/nat7noticias.com.br\/wp-content\/uploads\/2026\/05\/cropped-new-logo-220.png\",\"width\":231,\"height\":49,\"caption\":\"N7noticias\"},\"image\":{\"@id\":\"https:\/\/nat7noticias.com.br\/#\/schema\/logo\/image\/\"}},{\"@type\":\"Person\",\"@id\":\"https:\/\/nat7noticias.com.br\/#\/schema\/person\/690b027d93c852a6570e0bbc814a1cf0\",\"name\":\"Nadya Mayara\",\"image\":{\"@type\":\"ImageObject\",\"inLanguage\":\"pt-BR\",\"@id\":\"https:\/\/nat7noticias.com.br\/#\/schema\/person\/image\/\",\"url\":\"https:\/\/secure.gravatar.com\/avatar\/5c1565ad13ab2510c4efdacf6de389ff?s=96&d=mm&r=g\",\"contentUrl\":\"https:\/\/secure.gravatar.com\/avatar\/5c1565ad13ab2510c4efdacf6de389ff?s=96&d=mm&r=g\",\"caption\":\"Nadya Mayara\"},\"sameAs\":[\"https:\/\/nat7noticias.com.br\/\"],\"url\":\"https:\/\/nat7noticias.com.br\/?author=2\"}]}<\/script>\n<!-- \/ Yoast SEO plugin. -->","yoast_head_json":{"title":"Silvaney Rabelo e F\u00e1bio Vaz participam de reuni\u00e3o com apoiadores em Porto Nacional - N7noticias","robots":{"index":"index","follow":"follow","max-snippet":"max-snippet:-1","max-image-preview":"max-image-preview:large","max-video-preview":"max-video-preview:-1"},"canonical":"https:\/\/nat7noticias.com.br\/?p=4637","og_locale":"pt_BR","og_type":"article","og_title":"Silvaney Rabelo e F\u00e1bio Vaz participam de reuni\u00e3o com apoiadores em Porto Nacional - N7noticias","og_description":"Encontro foi marcado por di\u00e1logo e aproxima\u00e7\u00e3o com o p\u00fablico durante a campanha eleitoral Por: Nadya Mayara O candidato a","og_url":"https:\/\/nat7noticias.com.br\/?p=4637","og_site_name":"N7noticias","article_published_time":"2026-09-02T14:59:05+00:00","og_image":[{"width":952,"height":623,"url":"https:\/\/nat7noticias.com.br\/wp-content\/uploads\/2026\/09\/IMG-20260902-WA0019.jpg","type":"image\/jpeg"}],"author":"Nadya Mayara","twitter_card":"summary_large_image","twitter_misc":{"Escrito por":"Nadya Mayara","Est. tempo de leitura":"2 minutos"},"schema":{"@context":"https:\/\/schema.org","@graph":[{"@type":"Article","@id":"https:\/\/nat7noticias.com.br\/?p=4637#article","isPartOf":{"@id":"https:\/\/nat7noticias.com.br\/?p=4637"},"author":{"name":"Nadya Mayara","@id":"https:\/\/nat7noticias.com.br\/#\/schema\/person\/690b027d93c852a6570e0bbc814a1cf0"},"headline":"Silvaney Rabelo e F\u00e1bio Vaz participam de reuni\u00e3o com apoiadores em Porto Nacional","datePublished":"2026-09-02T14:59:05+00:00","mainEntityOfPage":{"@id":"https:\/\/nat7noticias.com.br\/?p=4637"},"wordCount":218,"commentCount":0,"publisher":{"@id":"https:\/\/nat7noticias.com.br\/#organization"},"image":{"@id":"https:\/\/nat7noticias.com.br\/?p=4637#primaryimage"},"thumbnailUrl":"https:\/\/nat7noticias.com.br\/wp-content\/uploads\/2026\/09\/IMG-20260902-WA0019.jpg","articleSection":["Pol\u00edtica"],"inLanguage":"pt-BR","potentialAction":[{"@type":"CommentAction","name":"Comment","target":["https:\/\/nat7noticias.com.br\/?p=4637#respond"]}]},{"@type":"WebPage","@id":"https:\/\/nat7noticias.com.br\/?p=4637","url":"https:\/\/nat7noticias.com.br\/?p=4637","name":"Silvaney Rabelo e F\u00e1bio Vaz participam de reuni\u00e3o com apoiadores em Porto Nacional - N7noticias","isPartOf":{"@id":"https:\/\/nat7noticias.com.br\/#website"},"primaryImageOfPage":{"@id":"https:\/\/nat7noticias.com.br\/?p=4637#primaryimage"},"image":{"@id":"https:\/\/nat7noticias.com.br\/?p=4637#primaryimage"},"thumbnailUrl":"https:\/\/nat7noticias.com.br\/wp-content\/uploads\/2026\/09\/IMG-20260902-WA0019.jpg","datePublished":"2026-09-02T14:59:05+00:00","breadcrumb":{"@id":"https:\/\/nat7noticias.com.br\/?p=4637#breadcrumb"},"inLanguage":"pt-BR","potentialAction":[{"@type":"ReadAction","target":["https:\/\/nat7noticias.com.br\/?p=4637"]}]},{"@type":"ImageObject","inLanguage":"pt-BR","@id":"https:\/\/nat7noticias.com.br\/?p=4637#primaryimage","url":"https:\/\/nat7noticias.com.br\/wp-content\/uploads\/2026\/09\/IMG-20260902-WA0019.jpg","contentUrl":"https:\/\/nat7noticias.com.br\/wp-content\/uploads\/2026\/09\/IMG-20260902-WA0019.jpg","width":952,"height":623},{"@type":"BreadcrumbList","@id":"https:\/\/nat7noticias.com.br\/?p=4637#breadcrumb","itemListElement":[{"@type":"ListItem","position":1,"name":"In\u00edcio","item":"https:\/\/nat7noticias.com.br\/"},{"@type":"ListItem","position":2,"name":"Silvaney Rabelo e F\u00e1bio Vaz participam de reuni\u00e3o com apoiadores em Porto Nacional"}]},{"@type":"WebSite","@id":"https:\/\/nat7noticias.com.br\/#website","url":"https:\/\/nat7noticias.com.br\/","name":"N7noticias","description":"","publisher":{"@id":"https:\/\/nat7noticias.com.br\/#organization"},"potentialAction":[{"@type":"SearchAction","target":{"@type":"EntryPoint","urlTemplate":"https:\/\/nat7noticias.com.br\/?s={search_term_string}"},"query-input":{"@type":"PropertyValueSpecification","valueRequired":true,"valueName":"search_term_string"}}],"inLanguage":"pt-BR"},{"@type":"Organization","@id":"https:\/\/nat7noticias.com.br\/#organization","name":"N7noticias","url":"https:\/\/nat7noticias.com.br\/","logo":{"@type":"ImageObject","inLanguage":"pt-BR","@id":"https:\/\/nat7noticias.com.br\/#\/schema\/logo\/image\/","url":"https:\/\/nat7noticias.com.br\/wp-content\/uploads\/2026\/05\/cropped-new-logo-220.png","contentUrl":"https:\/\/nat7noticias.com.br\/wp-content\/uploads\/2026\/05\/cropped-new-logo-220.png","width":231,"height":49,"caption":"N7noticias"},"image":{"@id":"https:\/\/nat7noticias.com.br\/#\/schema\/logo\/image\/"}},{"@type":"Person","@id":"https:\/\/nat7noticias.com.br\/#\/schema\/person\/690b027d93c852a6570e0bbc814a1cf0","name":"Nadya Mayara","image":{"@type":"ImageObject","inLanguage":"pt-BR","@id":"https:\/\/nat7noticias.com.br\/#\/schema\/person\/image\/","url":"https:\/\/secure.gravatar.com\/avatar\/5c1565ad13ab2510c4efdacf6de389ff?s=96&d=mm&r=g","contentUrl":"https:\/\/secure.gravatar.com\/avatar\/5c1565ad13ab2510c4efdacf6de389ff?s=96&d=mm&r=g","caption":"Nadya Mayara"},"sameAs":["https:\/\/nat7noticias.com.br\/"],"url":"https:\/\/nat7noticias.com.br\/?author=2"}]}},"_links":{"self":[{"href":"https:\/\/nat7noticias.com.br\/index.php?rest_route=\/wp\/v2\/posts\/4637","targetHints":{"allow":["GET"]}}],"collection":[{"href":"https:\/\/nat7noticias.com.br\/index.php?rest_route=\/wp\/v2\/posts"}],"about":[{"href":"https:\/\/nat7noticias.com.br\/index.php?rest_route=\/wp\/v2\/types\/post"}],"author":[{"embeddable":true,"href":"https:\/\/nat7noticias.com.br\/index.php?rest_route=\/wp\/v2\/users\/2"}],"replies":[{"embeddable":true,"href":"https:\/\/nat7noticias.com.br\/index.php?rest_route=%2Fwp%2Fv2%2Fcomments&post=4637"}],"version-history":[{"count":1,"href":"https:\/\/nat7noticias.com.br\/index.php?rest_route=\/wp\/v2\/posts\/4637\/revisions"}],"predecessor-version":[{"id":4641,"href":"https:\/\/nat7noticias.com.br\/index.php?rest_route=\/wp\/v2\/posts\/4637\/revisions\/4641"}],"wp:featuredmedia":[{"embeddable":true,"href":"https:\/\/nat7noticias.com.br\/index.php?rest_route=\/wp\/v2\/media\/4640"}],"wp:attachment":[{"href":"https:\/\/nat7noticias.com.br\/index.php?rest_route=%2Fwp%2Fv2%2Fmedia&parent=4637"}],"wp:term":[{"taxonomy":"category","embeddable":true,"href":"https:\/\/nat7noticias.com.br\/index.php?rest_route=%2Fwp%2Fv2%2Fcategories&post=4637"},{"taxonomy":"post_tag","embeddable":true,"href":"https:\/\/nat7noticias.com.br\/index.php?rest_route=%2Fwp%2Fv2%2Ftags&post=4637"}],"curies":[{"name":"wp","href":"https:\/\/api.w.org\/{rel}","templated":true}]}}