{"id":4650,"date":"2026-09-04T12:05:39","date_gmt":"2026-09-04T15:05:39","guid":{"rendered":"https:\/\/nat7noticias.com.br\/?p=4650"},"modified":"2026-09-04T17:33:17","modified_gmt":"2026-09-04T20:33:17","slug":"entre-campanhas-e-tragedias-barbaraandrade-questiona-eficacia-das-politicasde-protecao-no-tocantins","status":"publish","type":"post","link":"https:\/\/nat7noticias.com.br\/?p=4650","title":{"rendered":"Entre campanhas e trag\u00e9dias, B\u00e1rbara Andrade questiona efic\u00e1cia das pol\u00edticas de prote\u00e7\u00e3o no Tocantins"},"content":{"rendered":"\n<p>Candidata a deputada estadual pelo PRD defende que conscientiza\u00e7\u00e3o precisa estar acompanhada de estrutura permanente de preven\u00e7\u00e3o, fiscaliza\u00e7\u00e3o eatendimento \u00e0s v\u00edtimas<\/p>\n\n\n\n<p><strong>Por: Nadya Mayara<\/strong><\/p>\n\n\n\n<p><strong>Cr\u00e9ditos da foto: Paulo Silas<\/strong><\/p>\n\n\n\n<p>Agosto termina marcado pelo lil\u00e1s, setembro come\u00e7a cercado pelo amarelo e pelo verde. As cores representam campanhas que colocam em evid\u00eancia temas como viol\u00eancia contra a mulher, preven\u00e7\u00e3o ao suic\u00eddio e inclus\u00e3o das pessoas com defici\u00eancia. Para aadvogada e candidata a deputada estadual pelo PRD, B\u00e1rbara Andrade, por\u00e9m, o debate precisa ultrapassar o calend\u00e1rio e alcan\u00e7ar a estrutura permanente das pol\u00edticas p\u00fablicas.<\/p>\n\n\n\n<p>Para a candidata, as campanhas t\u00eam papel importante na conscientiza\u00e7\u00e3o, mas n\u00e3o podem ser o ponto de chegada. A prote\u00e7\u00e3o, segundo ela, precisa funcionar durante os 365 dias do ano, com servi\u00e7os acess\u00edveis, preven\u00e7\u00e3o, fiscaliza\u00e7\u00e3o e resposta r\u00e1pida diante de situa\u00e7\u00f5es de risco.<\/p>\n\n\n\n<p>\u201cO problema n\u00e3o est\u00e1 nas campanhas. Elas s\u00e3o importantes e ajudam a trazer temas parao debate p\u00fablico. O problema come\u00e7a quando a campanha se transforma no ponto de chegada, quando deveria ser o ponto de partida.\u201d<\/p>\n\n\n\n<p>B\u00e1rbara tamb\u00e9m chama aten\u00e7\u00e3o para situa\u00e7\u00f5es em que a viol\u00eancia \u00e9 precedida por amea\u00e7as, persegui\u00e7\u00f5es e agress\u00f5es. O caso do menino Gustavo Veloso Feitosa, de tr\u00eas anos, morto em Palmas em agosto, \u00e9 citado pela candidata como exemplo extremo dessa realidade. As investiga\u00e7\u00f5es levantaram a possibilidade de viol\u00eancia vic\u00e1ria, quando oagressor utiliza pessoas pr\u00f3ximas, especialmente os filhos, para provocar sofrimento e exercer controle sobre a mulher.<\/p>\n\n\n\n<p>Na avalia\u00e7\u00e3o dela, o avan\u00e7o da legisla\u00e7\u00e3o precisa vir acompanhado de mecanismos capazes de identificar sinais de risco e permitir uma atua\u00e7\u00e3o preventiva.<\/p>\n\n\n\n<p>\u201cReconhecer uma viol\u00eancia na lei n\u00e3o significa, automaticamente, impedir que ela aconte\u00e7a. \u00c9 preciso identificar os sinais, compartilhar informa\u00e7\u00f5es entre os \u00f3rg\u00e3os respons\u00e1veis e agir antes que a viol\u00eancia chegue ao extremo.\u201d<\/p>\n\n\n\n<p>Outro ponto destacado \u00e9 o descumprimento de medidas protetivas. Para B\u00e1rbara, a concess\u00e3o da medida n\u00e3o pode representar o fim do atendimento, mas o in\u00edcio de um acompanhamento cont\u00ednuo da v\u00edtima.<\/p>\n\n\n\n<p>\u201cSe uma mulher consegue uma medida protetiva e o agressor descumpre essa determina\u00e7\u00e3o, o Estado precisa ter capacidade de responder rapidamente. N\u00e3o podemos esperar que a v\u00edtima seja novamente agredida para considerar que aquela amea\u00e7a era real.\u201d<\/p>\n\n\n\n<p>A candidata tamb\u00e9m defende que as pol\u00edticas de prote\u00e7\u00e3o considerem as diferen\u00e7as entre os munic\u00edpios tocantinenses. Segundo ela, mulheres que vivem em cidades menores, \u00e1reas rurais e comunidades distantes enfrentam obst\u00e1culos adicionais, como falta de transporte, depend\u00eancia financeira e dificuldade de acesso a servi\u00e7os especializados.<\/p>\n\n\n\n<p>Outro desafio apontado \u00e9 a integra\u00e7\u00e3o da rede de atendimento. Para B\u00e1rbara, seguran\u00e7a, assist\u00eancia social, sa\u00fade e atendimento jur\u00eddico precisam atuar de forma articulada, evitando que a v\u00edtima tenha de procurar diferentes \u00f3rg\u00e3os e repetir sua hist\u00f3ria em busca de ajuda.<\/p>\n\n\n\n<p>\u201cPrecisamos falar em rede de verdade. N\u00e3o apenas no nome de uma rede, mas emintegra\u00e7\u00e3o de servi\u00e7os, protocolos, informa\u00e7\u00e3o compartilhada e acompanhamento.\u201d<\/p>\n\n\n\n<p>A mesma l\u00f3gica, segundo a candidata, deve ser aplicada \u00e0s pessoas com defici\u00eancia. Ela defende que inclus\u00e3o tamb\u00e9m significa garantir acesso aos canais de den\u00fancia e prote\u00e7\u00e3o, com profissionais preparados e condi\u00e7\u00f5es para que a v\u00edtima seja ouvida com autonomia e seguran\u00e7a.<\/p>\n\n\n\n<p><strong>Fiscaliza\u00e7\u00e3o e resultados<\/strong><\/p>\n\n\n\n<p>Ao projetar o debate para a Assembleia Legislativa, B\u00e1rbara afirma que pretende defender uma atua\u00e7\u00e3o parlamentar baseada tamb\u00e9m na fiscaliza\u00e7\u00e3o das pol\u00edticas p\u00fablicas. Para ela, o Legislativo deve acompanhar a execu\u00e7\u00e3o do or\u00e7amento e cobrar resultados concretos dos programas existentes.\u201c<\/p>\n\n\n\n<p>A Assembleia tem um papel que vai muito al\u00e9m de votar projetos de lei. O deputado fiscaliza, acompanha a execu\u00e7\u00e3o do or\u00e7amento, cobra resultados e pode provocar o governo a aperfei\u00e7oar pol\u00edticas p\u00fablicas.\u201d<\/p>\n\n\n\n<p>Entre os indicadores que, segundo ela, deveriam ser acompanhados est\u00e3o o n\u00famero de mulheres atendidas, os casos de descumprimento de medidas protetivas, o tempo deresposta das for\u00e7as de seguran\u00e7a e a estrutura dispon\u00edvel nos munic\u00edpios.<\/p>\n\n\n\n<p>A proposta da candidata \u00e9 deslocar o foco da rea\u00e7\u00e3o para a preven\u00e7\u00e3o, fazendo com que a mobiliza\u00e7\u00e3o das campanhas se converta em a\u00e7\u00f5es permanentes.<\/p>\n\n\n\n<p>\u201cPrecisamos parar de tratar a prote\u00e7\u00e3o como uma a\u00e7\u00e3o de calend\u00e1rio. Esses temas precisam estar incorporados \u00e0 gest\u00e3o p\u00fablica durante os 365 dias do ano.<\/p>\n\n\n\n<p>\u201dPara B\u00e1rbara, o debate, portanto, n\u00e3o termina quando as cores das campanhas mudam. Ele come\u00e7a justamente quando a mobiliza\u00e7\u00e3o precisa se transformar em estrutura capaz de proteger vidas.<\/p>\n\n\n\n<p>No fim, a quest\u00e3o n\u00e3o \u00e9 sobre cores, campanhas ou discursos, mas sobre pessoas que n\u00e3o podem depender de uma data no calend\u00e1rio para serem protegidas. Para a candidata, transformar essa realidade exige presen\u00e7a, preven\u00e7\u00e3o, estrutura e fiscaliza\u00e7\u00e3o, antes que a trag\u00e9dia aconte\u00e7a, enquanto ainda h\u00e1 tempo para evit\u00e1-la.<\/p>\n","protected":false},"excerpt":{"rendered":"<p>Candidata a deputada estadual pelo PRD defende que conscientiza\u00e7\u00e3o precisa estar acompanhada de estrutura permanente de preven\u00e7\u00e3o, fiscaliza\u00e7\u00e3o eatendimento \u00e0s<\/p>\n","protected":false},"author":2,"featured_media":4651,"comment_status":"open","ping_status":"open","sticky":false,"template":"","format":"standard","meta":{"footnotes":""},"categories":[14],"tags":[],"class_list":["post-4650","post","type-post","status-publish","format-standard","has-post-thumbnail","hentry","category-politics"],"yoast_head":"<!-- This site is optimized with the Yoast SEO plugin v26.8 - https:\/\/yoast.com\/product\/yoast-seo-wordpress\/ -->\n<title>Entre campanhas e trag\u00e9dias, B\u00e1rbara Andrade questiona efic\u00e1cia das pol\u00edticas de prote\u00e7\u00e3o no Tocantins - N7noticias<\/title>\n<meta name=\"robots\" content=\"index, follow, max-snippet:-1, max-image-preview:large, max-video-preview:-1\" \/>\n<link rel=\"canonical\" href=\"https:\/\/nat7noticias.com.br\/?p=4650\" \/>\n<meta property=\"og:locale\" content=\"pt_BR\" \/>\n<meta property=\"og:type\" content=\"article\" \/>\n<meta property=\"og:title\" content=\"Entre campanhas e trag\u00e9dias, B\u00e1rbara Andrade questiona efic\u00e1cia das pol\u00edticas de prote\u00e7\u00e3o no Tocantins - N7noticias\" \/>\n<meta property=\"og:description\" content=\"Candidata a deputada estadual pelo PRD defende que conscientiza\u00e7\u00e3o precisa estar acompanhada de estrutura permanente de preven\u00e7\u00e3o, fiscaliza\u00e7\u00e3o eatendimento \u00e0s\" \/>\n<meta property=\"og:url\" content=\"https:\/\/nat7noticias.com.br\/?p=4650\" \/>\n<meta property=\"og:site_name\" content=\"N7noticias\" \/>\n<meta property=\"article:published_time\" content=\"2026-09-04T15:05:39+00:00\" \/>\n<meta property=\"article:modified_time\" content=\"2026-09-04T20:33:17+00:00\" \/>\n<meta property=\"og:image\" content=\"https:\/\/nat7noticias.com.br\/wp-content\/uploads\/2026\/09\/IMG-20260904-WA0027-3.jpg\" \/>\n\t<meta property=\"og:image:width\" content=\"852\" \/>\n\t<meta property=\"og:image:height\" content=\"1026\" \/>\n\t<meta property=\"og:image:type\" content=\"image\/jpeg\" \/>\n<meta name=\"author\" content=\"Nadya Mayara\" \/>\n<meta name=\"twitter:card\" content=\"summary_large_image\" \/>\n<meta name=\"twitter:label1\" content=\"Escrito por\" \/>\n\t<meta name=\"twitter:data1\" content=\"Nadya Mayara\" \/>\n\t<meta name=\"twitter:label2\" content=\"Est. tempo de leitura\" \/>\n\t<meta name=\"twitter:data2\" content=\"5 minutos\" \/>\n<script type=\"application\/ld+json\" class=\"yoast-schema-graph\">{\"@context\":\"https:\/\/schema.org\",\"@graph\":[{\"@type\":\"Article\",\"@id\":\"https:\/\/nat7noticias.com.br\/?p=4650#article\",\"isPartOf\":{\"@id\":\"https:\/\/nat7noticias.com.br\/?p=4650\"},\"author\":{\"name\":\"Nadya Mayara\",\"@id\":\"https:\/\/nat7noticias.com.br\/#\/schema\/person\/690b027d93c852a6570e0bbc814a1cf0\"},\"headline\":\"Entre campanhas e trag\u00e9dias, B\u00e1rbara Andrade questiona efic\u00e1cia das pol\u00edticas de prote\u00e7\u00e3o no Tocantins\",\"datePublished\":\"2026-09-04T15:05:39+00:00\",\"dateModified\":\"2026-09-04T20:33:17+00:00\",\"mainEntityOfPage\":{\"@id\":\"https:\/\/nat7noticias.com.br\/?p=4650\"},\"wordCount\":897,\"commentCount\":0,\"publisher\":{\"@id\":\"https:\/\/nat7noticias.com.br\/#organization\"},\"image\":{\"@id\":\"https:\/\/nat7noticias.com.br\/?p=4650#primaryimage\"},\"thumbnailUrl\":\"https:\/\/nat7noticias.com.br\/wp-content\/uploads\/2026\/09\/IMG-20260904-WA0027-3.jpg\",\"articleSection\":[\"Pol\u00edtica\"],\"inLanguage\":\"pt-BR\",\"potentialAction\":[{\"@type\":\"CommentAction\",\"name\":\"Comment\",\"target\":[\"https:\/\/nat7noticias.com.br\/?p=4650#respond\"]}]},{\"@type\":\"WebPage\",\"@id\":\"https:\/\/nat7noticias.com.br\/?p=4650\",\"url\":\"https:\/\/nat7noticias.com.br\/?p=4650\",\"name\":\"Entre campanhas e trag\u00e9dias, B\u00e1rbara Andrade questiona efic\u00e1cia das pol\u00edticas de prote\u00e7\u00e3o no Tocantins - N7noticias\",\"isPartOf\":{\"@id\":\"https:\/\/nat7noticias.com.br\/#website\"},\"primaryImageOfPage\":{\"@id\":\"https:\/\/nat7noticias.com.br\/?p=4650#primaryimage\"},\"image\":{\"@id\":\"https:\/\/nat7noticias.com.br\/?p=4650#primaryimage\"},\"thumbnailUrl\":\"https:\/\/nat7noticias.com.br\/wp-content\/uploads\/2026\/09\/IMG-20260904-WA0027-3.jpg\",\"datePublished\":\"2026-09-04T15:05:39+00:00\",\"dateModified\":\"2026-09-04T20:33:17+00:00\",\"breadcrumb\":{\"@id\":\"https:\/\/nat7noticias.com.br\/?p=4650#breadcrumb\"},\"inLanguage\":\"pt-BR\",\"potentialAction\":[{\"@type\":\"ReadAction\",\"target\":[\"https:\/\/nat7noticias.com.br\/?p=4650\"]}]},{\"@type\":\"ImageObject\",\"inLanguage\":\"pt-BR\",\"@id\":\"https:\/\/nat7noticias.com.br\/?p=4650#primaryimage\",\"url\":\"https:\/\/nat7noticias.com.br\/wp-content\/uploads\/2026\/09\/IMG-20260904-WA0027-3.jpg\",\"contentUrl\":\"https:\/\/nat7noticias.com.br\/wp-content\/uploads\/2026\/09\/IMG-20260904-WA0027-3.jpg\",\"width\":852,\"height\":1026},{\"@type\":\"BreadcrumbList\",\"@id\":\"https:\/\/nat7noticias.com.br\/?p=4650#breadcrumb\",\"itemListElement\":[{\"@type\":\"ListItem\",\"position\":1,\"name\":\"In\u00edcio\",\"item\":\"https:\/\/nat7noticias.com.br\/\"},{\"@type\":\"ListItem\",\"position\":2,\"name\":\"Entre campanhas e trag\u00e9dias, B\u00e1rbara Andrade questiona efic\u00e1cia das pol\u00edticas de prote\u00e7\u00e3o no Tocantins\"}]},{\"@type\":\"WebSite\",\"@id\":\"https:\/\/nat7noticias.com.br\/#website\",\"url\":\"https:\/\/nat7noticias.com.br\/\",\"name\":\"N7noticias\",\"description\":\"\",\"publisher\":{\"@id\":\"https:\/\/nat7noticias.com.br\/#organization\"},\"potentialAction\":[{\"@type\":\"SearchAction\",\"target\":{\"@type\":\"EntryPoint\",\"urlTemplate\":\"https:\/\/nat7noticias.com.br\/?s={search_term_string}\"},\"query-input\":{\"@type\":\"PropertyValueSpecification\",\"valueRequired\":true,\"valueName\":\"search_term_string\"}}],\"inLanguage\":\"pt-BR\"},{\"@type\":\"Organization\",\"@id\":\"https:\/\/nat7noticias.com.br\/#organization\",\"name\":\"N7noticias\",\"url\":\"https:\/\/nat7noticias.com.br\/\",\"logo\":{\"@type\":\"ImageObject\",\"inLanguage\":\"pt-BR\",\"@id\":\"https:\/\/nat7noticias.com.br\/#\/schema\/logo\/image\/\",\"url\":\"https:\/\/nat7noticias.com.br\/wp-content\/uploads\/2026\/05\/cropped-new-logo-220.png\",\"contentUrl\":\"https:\/\/nat7noticias.com.br\/wp-content\/uploads\/2026\/05\/cropped-new-logo-220.png\",\"width\":231,\"height\":49,\"caption\":\"N7noticias\"},\"image\":{\"@id\":\"https:\/\/nat7noticias.com.br\/#\/schema\/logo\/image\/\"}},{\"@type\":\"Person\",\"@id\":\"https:\/\/nat7noticias.com.br\/#\/schema\/person\/690b027d93c852a6570e0bbc814a1cf0\",\"name\":\"Nadya Mayara\",\"image\":{\"@type\":\"ImageObject\",\"inLanguage\":\"pt-BR\",\"@id\":\"https:\/\/nat7noticias.com.br\/#\/schema\/person\/image\/\",\"url\":\"https:\/\/secure.gravatar.com\/avatar\/5c1565ad13ab2510c4efdacf6de389ff?s=96&d=mm&r=g\",\"contentUrl\":\"https:\/\/secure.gravatar.com\/avatar\/5c1565ad13ab2510c4efdacf6de389ff?s=96&d=mm&r=g\",\"caption\":\"Nadya Mayara\"},\"sameAs\":[\"https:\/\/nat7noticias.com.br\/\"],\"url\":\"https:\/\/nat7noticias.com.br\/?author=2\"}]}<\/script>\n<!-- \/ Yoast SEO plugin. -->","yoast_head_json":{"title":"Entre campanhas e trag\u00e9dias, B\u00e1rbara Andrade questiona efic\u00e1cia das pol\u00edticas de prote\u00e7\u00e3o no Tocantins - N7noticias","robots":{"index":"index","follow":"follow","max-snippet":"max-snippet:-1","max-image-preview":"max-image-preview:large","max-video-preview":"max-video-preview:-1"},"canonical":"https:\/\/nat7noticias.com.br\/?p=4650","og_locale":"pt_BR","og_type":"article","og_title":"Entre campanhas e trag\u00e9dias, B\u00e1rbara Andrade questiona efic\u00e1cia das pol\u00edticas de prote\u00e7\u00e3o no Tocantins - N7noticias","og_description":"Candidata a deputada estadual pelo PRD defende que conscientiza\u00e7\u00e3o precisa estar acompanhada de estrutura permanente de preven\u00e7\u00e3o, fiscaliza\u00e7\u00e3o eatendimento \u00e0s","og_url":"https:\/\/nat7noticias.com.br\/?p=4650","og_site_name":"N7noticias","article_published_time":"2026-09-04T15:05:39+00:00","article_modified_time":"2026-09-04T20:33:17+00:00","og_image":[{"width":852,"height":1026,"url":"https:\/\/nat7noticias.com.br\/wp-content\/uploads\/2026\/09\/IMG-20260904-WA0027-3.jpg","type":"image\/jpeg"}],"author":"Nadya Mayara","twitter_card":"summary_large_image","twitter_misc":{"Escrito por":"Nadya Mayara","Est. tempo de leitura":"5 minutos"},"schema":{"@context":"https:\/\/schema.org","@graph":[{"@type":"Article","@id":"https:\/\/nat7noticias.com.br\/?p=4650#article","isPartOf":{"@id":"https:\/\/nat7noticias.com.br\/?p=4650"},"author":{"name":"Nadya Mayara","@id":"https:\/\/nat7noticias.com.br\/#\/schema\/person\/690b027d93c852a6570e0bbc814a1cf0"},"headline":"Entre campanhas e trag\u00e9dias, B\u00e1rbara Andrade questiona efic\u00e1cia das pol\u00edticas de prote\u00e7\u00e3o no Tocantins","datePublished":"2026-09-04T15:05:39+00:00","dateModified":"2026-09-04T20:33:17+00:00","mainEntityOfPage":{"@id":"https:\/\/nat7noticias.com.br\/?p=4650"},"wordCount":897,"commentCount":0,"publisher":{"@id":"https:\/\/nat7noticias.com.br\/#organization"},"image":{"@id":"https:\/\/nat7noticias.com.br\/?p=4650#primaryimage"},"thumbnailUrl":"https:\/\/nat7noticias.com.br\/wp-content\/uploads\/2026\/09\/IMG-20260904-WA0027-3.jpg","articleSection":["Pol\u00edtica"],"inLanguage":"pt-BR","potentialAction":[{"@type":"CommentAction","name":"Comment","target":["https:\/\/nat7noticias.com.br\/?p=4650#respond"]}]},{"@type":"WebPage","@id":"https:\/\/nat7noticias.com.br\/?p=4650","url":"https:\/\/nat7noticias.com.br\/?p=4650","name":"Entre campanhas e trag\u00e9dias, B\u00e1rbara Andrade questiona efic\u00e1cia das pol\u00edticas de prote\u00e7\u00e3o no Tocantins - N7noticias","isPartOf":{"@id":"https:\/\/nat7noticias.com.br\/#website"},"primaryImageOfPage":{"@id":"https:\/\/nat7noticias.com.br\/?p=4650#primaryimage"},"image":{"@id":"https:\/\/nat7noticias.com.br\/?p=4650#primaryimage"},"thumbnailUrl":"https:\/\/nat7noticias.com.br\/wp-content\/uploads\/2026\/09\/IMG-20260904-WA0027-3.jpg","datePublished":"2026-09-04T15:05:39+00:00","dateModified":"2026-09-04T20:33:17+00:00","breadcrumb":{"@id":"https:\/\/nat7noticias.com.br\/?p=4650#breadcrumb"},"inLanguage":"pt-BR","potentialAction":[{"@type":"ReadAction","target":["https:\/\/nat7noticias.com.br\/?p=4650"]}]},{"@type":"ImageObject","inLanguage":"pt-BR","@id":"https:\/\/nat7noticias.com.br\/?p=4650#primaryimage","url":"https:\/\/nat7noticias.com.br\/wp-content\/uploads\/2026\/09\/IMG-20260904-WA0027-3.jpg","contentUrl":"https:\/\/nat7noticias.com.br\/wp-content\/uploads\/2026\/09\/IMG-20260904-WA0027-3.jpg","width":852,"height":1026},{"@type":"BreadcrumbList","@id":"https:\/\/nat7noticias.com.br\/?p=4650#breadcrumb","itemListElement":[{"@type":"ListItem","position":1,"name":"In\u00edcio","item":"https:\/\/nat7noticias.com.br\/"},{"@type":"ListItem","position":2,"name":"Entre campanhas e trag\u00e9dias, B\u00e1rbara Andrade questiona efic\u00e1cia das pol\u00edticas de prote\u00e7\u00e3o no Tocantins"}]},{"@type":"WebSite","@id":"https:\/\/nat7noticias.com.br\/#website","url":"https:\/\/nat7noticias.com.br\/","name":"N7noticias","description":"","publisher":{"@id":"https:\/\/nat7noticias.com.br\/#organization"},"potentialAction":[{"@type":"SearchAction","target":{"@type":"EntryPoint","urlTemplate":"https:\/\/nat7noticias.com.br\/?s={search_term_string}"},"query-input":{"@type":"PropertyValueSpecification","valueRequired":true,"valueName":"search_term_string"}}],"inLanguage":"pt-BR"},{"@type":"Organization","@id":"https:\/\/nat7noticias.com.br\/#organization","name":"N7noticias","url":"https:\/\/nat7noticias.com.br\/","logo":{"@type":"ImageObject","inLanguage":"pt-BR","@id":"https:\/\/nat7noticias.com.br\/#\/schema\/logo\/image\/","url":"https:\/\/nat7noticias.com.br\/wp-content\/uploads\/2026\/05\/cropped-new-logo-220.png","contentUrl":"https:\/\/nat7noticias.com.br\/wp-content\/uploads\/2026\/05\/cropped-new-logo-220.png","width":231,"height":49,"caption":"N7noticias"},"image":{"@id":"https:\/\/nat7noticias.com.br\/#\/schema\/logo\/image\/"}},{"@type":"Person","@id":"https:\/\/nat7noticias.com.br\/#\/schema\/person\/690b027d93c852a6570e0bbc814a1cf0","name":"Nadya Mayara","image":{"@type":"ImageObject","inLanguage":"pt-BR","@id":"https:\/\/nat7noticias.com.br\/#\/schema\/person\/image\/","url":"https:\/\/secure.gravatar.com\/avatar\/5c1565ad13ab2510c4efdacf6de389ff?s=96&d=mm&r=g","contentUrl":"https:\/\/secure.gravatar.com\/avatar\/5c1565ad13ab2510c4efdacf6de389ff?s=96&d=mm&r=g","caption":"Nadya Mayara"},"sameAs":["https:\/\/nat7noticias.com.br\/"],"url":"https:\/\/nat7noticias.com.br\/?author=2"}]}},"_links":{"self":[{"href":"https:\/\/nat7noticias.com.br\/index.php?rest_route=\/wp\/v2\/posts\/4650","targetHints":{"allow":["GET"]}}],"collection":[{"href":"https:\/\/nat7noticias.com.br\/index.php?rest_route=\/wp\/v2\/posts"}],"about":[{"href":"https:\/\/nat7noticias.com.br\/index.php?rest_route=\/wp\/v2\/types\/post"}],"author":[{"embeddable":true,"href":"https:\/\/nat7noticias.com.br\/index.php?rest_route=\/wp\/v2\/users\/2"}],"replies":[{"embeddable":true,"href":"https:\/\/nat7noticias.com.br\/index.php?rest_route=%2Fwp%2Fv2%2Fcomments&post=4650"}],"version-history":[{"count":4,"href":"https:\/\/nat7noticias.com.br\/index.php?rest_route=\/wp\/v2\/posts\/4650\/revisions"}],"predecessor-version":[{"id":4656,"href":"https:\/\/nat7noticias.com.br\/index.php?rest_route=\/wp\/v2\/posts\/4650\/revisions\/4656"}],"wp:featuredmedia":[{"embeddable":true,"href":"https:\/\/nat7noticias.com.br\/index.php?rest_route=\/wp\/v2\/media\/4651"}],"wp:attachment":[{"href":"https:\/\/nat7noticias.com.br\/index.php?rest_route=%2Fwp%2Fv2%2Fmedia&parent=4650"}],"wp:term":[{"taxonomy":"category","embeddable":true,"href":"https:\/\/nat7noticias.com.br\/index.php?rest_route=%2Fwp%2Fv2%2Fcategories&post=4650"},{"taxonomy":"post_tag","embeddable":true,"href":"https:\/\/nat7noticias.com.br\/index.php?rest_route=%2Fwp%2Fv2%2Ftags&post=4650"}],"curies":[{"name":"wp","href":"https:\/\/api.w.org\/{rel}","templated":true}]}}